{"id":16043,"date":"2022-09-23T15:04:34","date_gmt":"2022-09-23T15:04:34","guid":{"rendered":"https:\/\/www.esev.ipv.pt\/dacomunicacao\/?p=16043"},"modified":"2022-09-23T15:04:39","modified_gmt":"2022-09-23T15:04:39","slug":"20a-edicao-do-jazz-ao-centro-de-volta-as-ruas-de-coimbra","status":"publish","type":"post","link":"https:\/\/www1.esev.ipv.pt\/dacomunicacao\/?p=16043","title":{"rendered":"20\u00aa edi\u00e7\u00e3o do \u201cJazz ao Centro\u201d de volta \u00e0s ruas de Coimbra"},"content":{"rendered":"\n<p><strong><em>Regressa \u00e0 \u201ccidade dos estudantes\u201d, um dos festivais de jazz mais prestigiados do pa\u00eds. Entre 22 de setembro e 23 de outubro, Coimbra d\u00e1 a conhecer mestres da m\u00fasica de todo o mundo, durante a 20.\u00aa edi\u00e7\u00e3o dos encontros internacionais de Jazz da cidade.<\/em><\/strong><\/p>\n\n\n\n<p><strong>Por Joana Barros e Ver\u00f3nica Oliveira<\/strong><\/p>\n\n\n\n<p>Coorganizado pelo Jazz ao Centro Clube (JACC) e pela C\u00e2mara Municipal de Coimbra desde 2003, a programa\u00e7\u00e3o do festival inclui 11 concertos previstos, que contam com nomes como Peter Br\u00f6tzman (14\/10)<sub>, <\/sub>Rodrigo Brand\u00e3o (22\/09), Alabaster dePlume (24\/09), Maria Jo\u00e3o e Carlos Bica Quarteto (21\/10), Nicole Mitchell (05\/10) e Heather Leigh (14\/10).<\/p>\n\n\n\n<p>O evento estar\u00e1 presente em sete pontos tur\u00edsticos, incluindo a Casa das Artes Bissaya Barreto, o Convento S\u00e3o Francisco, as antigas instala\u00e7\u00f5es da Coimbra Editora, o Museu Nacional Machado de Castro, o Teatro Acad\u00e9mico de Gil Vicente, entre outros.<\/p>\n\n\n\n<p>A JACC, associa\u00e7\u00e3o sem fins lucrativos, defende a promo\u00e7\u00e3o, divulga\u00e7\u00e3o e ensino da cultura jazz\u00edstica. A aposta nesta vis\u00e3o mais diferenciada, tem permitido a abertura a todo o tipo de \u201cjazzes\u201d, desde os mais tradicionais aos mais experimentais.<\/p>\n\n\n\n<p>O equil\u00edbrio entre a veia art\u00edstica, cultural, social e sustent\u00e1vel est\u00e3o presentes na pol\u00edtica defendida pela organiza\u00e7\u00e3o. Tamb\u00e9m a cidade de Coimbra tem sido inspira\u00e7\u00e3o \u201c<em>na tentativa de n\u00e3o permanecer somente nos espa\u00e7os convencionais de apresenta\u00e7\u00e3o de concertos, promovendo a (re)descoberta de espa\u00e7os singulares da cidade tanto como o encontro com novas sonoridades<\/em>\u201d, como afirma Jos\u00e9 Miguel Pereira, diretor do festival, \u00e0 Glam Magazine.<\/p>\n\n\n\n<p>O site do festival est\u00e1 dispon\u00edvel em <a href=\"https:\/\/www.jazzaocentroclube.pt\/\">https:\/\/www.jazzaocentroclube.pt\/<\/a><\/p>\n","protected":false},"excerpt":{"rendered":"<p>Regressa \u00e0 \u201ccidade dos estudantes\u201d, um dos festivais de jazz mais prestigiados do pa\u00eds. Entre 22 de setembro e 23<\/p>\n","protected":false},"author":4,"featured_media":16044,"comment_status":"open","ping_status":"open","sticky":false,"template":"","format":"standard","meta":[],"categories":[15],"tags":[4268,3649,4269,72],"_links":{"self":[{"href":"https:\/\/www1.esev.ipv.pt\/dacomunicacao\/index.php?rest_route=\/wp\/v2\/posts\/16043"}],"collection":[{"href":"https:\/\/www1.esev.ipv.pt\/dacomunicacao\/index.php?rest_route=\/wp\/v2\/posts"}],"about":[{"href":"https:\/\/www1.esev.ipv.pt\/dacomunicacao\/index.php?rest_route=\/wp\/v2\/types\/post"}],"author":[{"embeddable":true,"href":"https:\/\/www1.esev.ipv.pt\/dacomunicacao\/index.php?rest_route=\/wp\/v2\/users\/4"}],"replies":[{"embeddable":true,"href":"https:\/\/www1.esev.ipv.pt\/dacomunicacao\/index.php?rest_route=%2Fwp%2Fv2%2Fcomments&post=16043"}],"version-history":[{"count":1,"href":"https:\/\/www1.esev.ipv.pt\/dacomunicacao\/index.php?rest_route=\/wp\/v2\/posts\/16043\/revisions"}],"predecessor-version":[{"id":16045,"href":"https:\/\/www1.esev.ipv.pt\/dacomunicacao\/index.php?rest_route=\/wp\/v2\/posts\/16043\/revisions\/16045"}],"wp:featuredmedia":[{"embeddable":true,"href":"https:\/\/www1.esev.ipv.pt\/dacomunicacao\/index.php?rest_route=\/wp\/v2\/media\/16044"}],"wp:attachment":[{"href":"https:\/\/www1.esev.ipv.pt\/dacomunicacao\/index.php?rest_route=%2Fwp%2Fv2%2Fmedia&parent=16043"}],"wp:term":[{"taxonomy":"category","embeddable":true,"href":"https:\/\/www1.esev.ipv.pt\/dacomunicacao\/index.php?rest_route=%2Fwp%2Fv2%2Fcategories&post=16043"},{"taxonomy":"post_tag","embeddable":true,"href":"https:\/\/www1.esev.ipv.pt\/dacomunicacao\/index.php?rest_route=%2Fwp%2Fv2%2Ftags&post=16043"}],"curies":[{"name":"wp","href":"https:\/\/api.w.org\/{rel}","templated":true}]}}