{"id":15948,"date":"2022-06-29T11:38:44","date_gmt":"2022-06-29T11:38:44","guid":{"rendered":"https:\/\/www.esev.ipv.pt\/dacomunicacao\/?p=15948"},"modified":"2022-06-29T11:38:48","modified_gmt":"2022-06-29T11:38:48","slug":"festival-de-teatro-regressou-aos-palcos-da-cidade-jardim","status":"publish","type":"post","link":"https:\/\/www1.esev.ipv.pt\/dacomunicacao\/?p=15948","title":{"rendered":"Festival de Teatro regressou aos palcos da Cidade-Jardim"},"content":{"rendered":"\n<p><strong><em>O Festival de Teatro de Viseu \u00e9 uma iniciativa anual organizada pela C\u00e2mara Municipal de Viseu, que assinalou no ano de 2019 a sua 20.\u00aa edi\u00e7\u00e3o. Regressou este ano, depois de uma suspens\u00e3o de tr\u00eas anos.<\/em><\/strong><\/p>\n\n\n\n<p><strong>Reportagem de Daniela Rocha e Daribell Figueiredo<\/strong><\/p>\n\n\n\n<p>A 21.\u00aa edi\u00e7\u00e3o do Festival de Teatro de Viseu, que ocorreu entre os dias 1 de maio e 12 de junho, foi composta por 18 pe\u00e7as de teatro, levadas a palco por grupos de Viseu. Vindos de escolas, associa\u00e7\u00f5es e institui\u00e7\u00f5es do concelho, cerca de duas centenas de participantes, entre eles crian\u00e7as, jovens e adultos, fizeram parte da iniciativa.<\/p>\n\n\n\n<p>A vereadora da cultura da autarquia de Viseu, Leonor Barata, elogia este regresso do festival e lembra que a iniciativa tem por objetivo divulgar o que de melhor se faz no teatro n\u00e3o-profissional de Viseu. \u201cPermite que os diversos grupos amadores da regi\u00e3o e escolares possam apresentar os seus trabalhos\u201d, sustenta.<\/p>\n\n\n\n<p>O Munic\u00edpio de Viseu assegura todo o mecanismo de produ\u00e7\u00e3o do festival, desde os espa\u00e7os para as apresenta\u00e7\u00f5es, at\u00e9 \u00e0 divulga\u00e7\u00e3o do pr\u00f3prio festival, assim como um valor monet\u00e1rio de 350 euros a todos os grupos pela sua participa\u00e7\u00e3o. \u201cD\u00e1 um incentivo financeiro a cada um dos grupos que se apresenta bem como d\u00e1 um pr\u00e9mio monet\u00e1rio para as diversas categorias de pr\u00e9mios que est\u00e3o a concurso\u201d, explica a vereadora da cultura.<\/p>\n\n\n\n<p>O Festival de Teatro de Viseu refor\u00e7a o crescimento da cidade-jardim. \u201c\u00c9 evidente que ajuda a din\u00e2mica da cidade, porque temos p\u00fablico que nos visita, mas tamb\u00e9m ajuda \u00e0 promo\u00e7\u00e3o da divulga\u00e7\u00e3o dos pr\u00f3prios grupos\u201d esclarece Leonor Barata.<\/p>\n\n\n\n<p>Com objetivo de distinguir a criatividade art\u00edstica e a excel\u00eancia do trabalho realizado, o Munic\u00edpio de Viseu atribuir\u00e1 o pr\u00e9mio &#8220;Os\u00f3rio Mateus\u201d, o qual homenageia o professor, investigador e encenador, natural de Viseu, falecido em 1996, mas que foi uma das personalidades mais relevantes no estudo do teatro. Em 2022, este ser\u00e1 dedicado ao melhor texto original e o vencedor receber\u00e1 um pr\u00e9mio no valor de mil euros.&nbsp;<\/p>\n\n\n\n<p>O j\u00fari \u00e9 composto por tr\u00eas profissionais de renome nas artes performativas que analisa todos os projetos e, obedecendo aos crit\u00e9rios de avalia\u00e7\u00e3o estabelecidos, decide o vencedor do festival de pr\u00e9mios como \u201cMelhor Pe\u00e7a de Teatro\u201d, \u201cMelhor Interpreta\u00e7\u00e3o Feminina\u201d e \u201cMelhor Interpreta\u00e7\u00e3o Masculina\u201d.<\/p>\n\n\n\n<p>\u201cViseu apresenta uma din\u00e2mica cultural muito forte, e ao contr\u00e1rio de outros territ\u00f3rios, \u00e9 uma presen\u00e7a constante ao longo do ano\u201d, sublinha a vereadora da cultura.<\/p>\n\n\n\n<p><\/p>\n\n\n\n<p><strong>\u201cFestival de Teatro deu-me a oportunidade de descobrir o que realmente gosto&#8221;<\/strong><\/p>\n\n\n\n<p>Rafael Lopes, participante no Festival de Teatro de Viseu desde 2018 e ator da Associa\u00e7\u00e3o de Fomento de Teatro Amador AFTA, mais especificamente dentro do Grupo OFF, conta como o Festival de Teatro mudou a sua vida. \u201cFoi o Festival de Teatro que me deu a oportunidade de descobrir tudo aquilo que agora sou em termos art\u00edsticos e o ensinamento que o teatro me d\u00e1 \u00e9 essencial no meu percurso\u201d. \u201cO Festival de Teatro deu-me a oportunidade de descobrir o que realmente gosto de fazer\u201d, acrescenta o ator.<\/p>\n\n\n\n<div class=\"wp-block-image\"><figure class=\"aligncenter size-large\"><img loading=\"lazy\" width=\"768\" height=\"1024\" src=\"http:\/\/www.esev.ipv.pt\/dacomunicacao\/wp-content\/uploads\/2022\/06\/WhatsApp-Image-2022-06-21-at-21.20.28-768x1024.jpeg\" alt=\"\" class=\"wp-image-15949\" srcset=\"https:\/\/www1.esev.ipv.pt\/dacomunicacao\/wp-content\/uploads\/2022\/06\/WhatsApp-Image-2022-06-21-at-21.20.28-768x1024.jpeg 768w, https:\/\/www1.esev.ipv.pt\/dacomunicacao\/wp-content\/uploads\/2022\/06\/WhatsApp-Image-2022-06-21-at-21.20.28-225x300.jpeg 225w, https:\/\/www1.esev.ipv.pt\/dacomunicacao\/wp-content\/uploads\/2022\/06\/WhatsApp-Image-2022-06-21-at-21.20.28-1152x1536.jpeg 1152w, https:\/\/www1.esev.ipv.pt\/dacomunicacao\/wp-content\/uploads\/2022\/06\/WhatsApp-Image-2022-06-21-at-21.20.28.jpeg 1536w\" sizes=\"(max-width: 768px) 100vw, 768px\" \/><figcaption>Grupo OFF em cena<\/figcaption><\/figure><\/div>\n\n\n\n<p>O Festival de Teatro de Viseu permite a participa\u00e7\u00e3o de todos os que gostam de teatro. Rafael Lopes afirma que, este tipo de festividade devia ser realizado mais vezes. \u201cA C\u00e2mara devia sem d\u00favida envolver mais eventos como estes, porque vale a pena, enriquece muito a cultura e permite que as pessoas fa\u00e7am e vejam teatro\u201d, defende.<\/p>\n\n\n\n<p>As artes performativas geram um sentimento de orgulho naqueles que a apreciam e a praticam com tanto esfor\u00e7o. \u201c\u00c9 muito gratificante no fim termos a oportunidade de apresentar uma pe\u00e7a nossa, na nossa regi\u00e3o, na nossa cidade, num audit\u00f3rio que \u00e9 nosso e termos a oportunidade de sermos vistos por pessoas que gostam de n\u00f3s\u201d, conclui Rafael Lopes.<\/p>\n\n\n\n<p><\/p>\n\n\n\n<p><strong>Divulga\u00e7\u00e3o do trabalho e produ\u00e7\u00e3o teatral<\/strong><\/p>\n\n\n\n<p>A C\u00e2mara Municipal de Viseu garante com a iniciativa do Festival de Teatro, aproximadamente, 1 m\u00eas de espet\u00e1culos para toda a comunidade viseense, promovendo a cultura e as artes da regi\u00e3o. \u201cO Festival de Teatro de Viseu \u00e9 uma iniciativa que destaco com especial carinho, dado os seus anos de hist\u00f3ria e o lugar que conseguiu conquistar na agenda cultural da cidade\u201d aponta Fernando Ruas, presidente da C\u00e2mara Municipal.<\/p>\n\n\n\n<p>Com esta proposta, o Munic\u00edpio de Viseu pretende ainda assegurar o apoio, a valoriza\u00e7\u00e3o e a divulga\u00e7\u00e3o do trabalho desenvolvido no campo da produ\u00e7\u00e3o teatral por todos os grupos de teatro do concelho, assim como, a descoberta de novos valores para o teatro e a cria\u00e7\u00e3o de um p\u00fablico variado que seja recetivo para a import\u00e2ncia do teatro e dos h\u00e1bitos culturais, como forma de aprendizagem, entretenimento e inclus\u00e3o social.<\/p>\n\n\n\n<p>Duas das pe\u00e7as do programa passaram pelo Quartel dos Bombeiros Volunt\u00e1rios de Viseu, na Rua Jos\u00e9 Branquinho, assim como pelos Jardins da Casa do Miradouro, no Centro Hist\u00f3rico, sendo que as restantes aconteceram no Audit\u00f3rio Mirita Casimiro.<\/p>\n\n\n\n<p>A grande maioria dos grupos participantes concorreram na categoria de associa\u00e7\u00f5es e\/ou institui\u00e7\u00f5es, havendo dois a concorrer na categoria Escolar. A Zunzum \u2013 Associa\u00e7\u00e3o Cultural, a Associa\u00e7\u00e3o Juvenil Visiunarte Ateli\u00eas de Teatro de Dan\u00e7a, a AFTA \u2013 Associa\u00e7\u00e3o de Fomento de Teatro Amador, a Recreativo de Bassar \u2013 Associa\u00e7\u00e3o Desportiva e Cultural, a En\u00e9rgica \u2013 Associa\u00e7\u00e3o Juvenil de Viseu, a Associa\u00e7\u00e3o Jita Kyoei, o Col\u00e9gio da Via-Sacra, o Col\u00e9gio da Imaculada Concei\u00e7\u00e3o e a Escola D. Lu\u00eds Loureiro, de Silgueiros, s\u00e3o as associa\u00e7\u00f5es e escolas cujos grupos v\u00e3o participar nesta 21.\u00aa edi\u00e7\u00e3o.<\/p>\n","protected":false},"excerpt":{"rendered":"<p>O Festival de Teatro de Viseu \u00e9 uma iniciativa anual organizada pela C\u00e2mara Municipal de Viseu, que assinalou no ano<\/p>\n","protected":false},"author":4,"featured_media":15950,"comment_status":"open","ping_status":"open","sticky":false,"template":"","format":"standard","meta":[],"categories":[15],"tags":[2153,771],"_links":{"self":[{"href":"https:\/\/www1.esev.ipv.pt\/dacomunicacao\/index.php?rest_route=\/wp\/v2\/posts\/15948"}],"collection":[{"href":"https:\/\/www1.esev.ipv.pt\/dacomunicacao\/index.php?rest_route=\/wp\/v2\/posts"}],"about":[{"href":"https:\/\/www1.esev.ipv.pt\/dacomunicacao\/index.php?rest_route=\/wp\/v2\/types\/post"}],"author":[{"embeddable":true,"href":"https:\/\/www1.esev.ipv.pt\/dacomunicacao\/index.php?rest_route=\/wp\/v2\/users\/4"}],"replies":[{"embeddable":true,"href":"https:\/\/www1.esev.ipv.pt\/dacomunicacao\/index.php?rest_route=%2Fwp%2Fv2%2Fcomments&post=15948"}],"version-history":[{"count":2,"href":"https:\/\/www1.esev.ipv.pt\/dacomunicacao\/index.php?rest_route=\/wp\/v2\/posts\/15948\/revisions"}],"predecessor-version":[{"id":15986,"href":"https:\/\/www1.esev.ipv.pt\/dacomunicacao\/index.php?rest_route=\/wp\/v2\/posts\/15948\/revisions\/15986"}],"wp:featuredmedia":[{"embeddable":true,"href":"https:\/\/www1.esev.ipv.pt\/dacomunicacao\/index.php?rest_route=\/wp\/v2\/media\/15950"}],"wp:attachment":[{"href":"https:\/\/www1.esev.ipv.pt\/dacomunicacao\/index.php?rest_route=%2Fwp%2Fv2%2Fmedia&parent=15948"}],"wp:term":[{"taxonomy":"category","embeddable":true,"href":"https:\/\/www1.esev.ipv.pt\/dacomunicacao\/index.php?rest_route=%2Fwp%2Fv2%2Fcategories&post=15948"},{"taxonomy":"post_tag","embeddable":true,"href":"https:\/\/www1.esev.ipv.pt\/dacomunicacao\/index.php?rest_route=%2Fwp%2Fv2%2Ftags&post=15948"}],"curies":[{"name":"wp","href":"https:\/\/api.w.org\/{rel}","templated":true}]}}