{"id":15918,"date":"2022-06-24T09:07:15","date_gmt":"2022-06-24T09:07:15","guid":{"rendered":"https:\/\/www.esev.ipv.pt\/dacomunicacao\/?p=15918"},"modified":"2022-06-24T09:07:18","modified_gmt":"2022-06-24T09:07:18","slug":"alexandre-sampaio-todos-temos-ideias-preconcebidas","status":"publish","type":"post","link":"https:\/\/www1.esev.ipv.pt\/dacomunicacao\/?p=15918","title":{"rendered":"Alexandre Sampaio: &#8220;todos temos ideias preconcebidas&#8221;"},"content":{"rendered":"\n<p><strong><em>Alexandre Sampaio, que trabalha em v\u00e1rias \u00e1reas art\u00edsticas, mas sobretudo em artes performativas e em fotografia, falou ao #dacomunica\u00e7\u00e3o sobre o seu mais recente projeto, \u201cA toupeira que queria saber quem lhe fizera aquilo na cabe\u00e7a\u201d, do qual \u00e9 encenador. <\/em><\/strong><\/p>\n\n\n\n<p><strong>Por Ant\u00f3nio Ferreira, Carlos Alves, Carolina Pereira e Carolina Vicente<\/strong><\/p>\n\n\n\n<p>Estudante de ci\u00eancias e bioqu\u00edmica, Alexandre Sampaio come\u00e7ou a exercer no Teatro Universit\u00e1rio de Aveiro: \u201cfiz todo o percurso acad\u00e9mico acompanhado com o teatro, teatro experimental\u201d.<\/p>\n\n\n\n<p>Considerando o seu percurso no mundo das artes, e a quest\u00e3o da desconstru\u00e7\u00e3o de estere\u00f3tipos atrav\u00e9s da mesma vertente art\u00edstica, Alexandre Sampaio refere que \u201ctodos temos ideias preconcebidas, sobretudo para termos alguma seguran\u00e7a&#8221;. &#8220;Depois, cabe-nos tamb\u00e9m relativizar isso para perceber que, na verdade, somos todos diferentes. Temos todos uma identidade ligeiramente diferente e com nuances&#8221;, explicou o encenador.<\/p>\n\n\n\n<p>Ainda no processo de desenvolvimento, o projeto \u201cUma toupeira que queria saber quem lhe fizera aquilo na cabe\u00e7a\u201d est\u00e1 agora \u00e0 procura de candidatos a desempenhar o papel das personagens, em palco.<\/p>\n\n\n\n<p>O projeto \u201cA toupeira que queria saber quem lhe fizera aquilo na cabe\u00e7a\u201d tem o apoio \u00e0 Cria\u00e7\u00e3o de Projetos de Interven\u00e7\u00e3o Art\u00edstica do Polit\u00e9cnico de Viseu e \u00e9 seu objetivo a (co)constru\u00e7\u00e3o de um espet\u00e1culo de teatro para fam\u00edlias com a comunidade de alunos do PV.<\/p>\n","protected":false},"excerpt":{"rendered":"<p>Alexandre Sampaio, que trabalha em v\u00e1rias \u00e1reas art\u00edsticas, mas sobretudo em artes performativas e em fotografia, falou ao #dacomunica\u00e7\u00e3o sobre<\/p>\n","protected":false},"author":4,"featured_media":15898,"comment_status":"open","ping_status":"open","sticky":false,"template":"","format":"standard","meta":[],"categories":[15,1],"tags":[330,4251],"_links":{"self":[{"href":"https:\/\/www1.esev.ipv.pt\/dacomunicacao\/index.php?rest_route=\/wp\/v2\/posts\/15918"}],"collection":[{"href":"https:\/\/www1.esev.ipv.pt\/dacomunicacao\/index.php?rest_route=\/wp\/v2\/posts"}],"about":[{"href":"https:\/\/www1.esev.ipv.pt\/dacomunicacao\/index.php?rest_route=\/wp\/v2\/types\/post"}],"author":[{"embeddable":true,"href":"https:\/\/www1.esev.ipv.pt\/dacomunicacao\/index.php?rest_route=\/wp\/v2\/users\/4"}],"replies":[{"embeddable":true,"href":"https:\/\/www1.esev.ipv.pt\/dacomunicacao\/index.php?rest_route=%2Fwp%2Fv2%2Fcomments&post=15918"}],"version-history":[{"count":1,"href":"https:\/\/www1.esev.ipv.pt\/dacomunicacao\/index.php?rest_route=\/wp\/v2\/posts\/15918\/revisions"}],"predecessor-version":[{"id":15972,"href":"https:\/\/www1.esev.ipv.pt\/dacomunicacao\/index.php?rest_route=\/wp\/v2\/posts\/15918\/revisions\/15972"}],"wp:featuredmedia":[{"embeddable":true,"href":"https:\/\/www1.esev.ipv.pt\/dacomunicacao\/index.php?rest_route=\/wp\/v2\/media\/15898"}],"wp:attachment":[{"href":"https:\/\/www1.esev.ipv.pt\/dacomunicacao\/index.php?rest_route=%2Fwp%2Fv2%2Fmedia&parent=15918"}],"wp:term":[{"taxonomy":"category","embeddable":true,"href":"https:\/\/www1.esev.ipv.pt\/dacomunicacao\/index.php?rest_route=%2Fwp%2Fv2%2Fcategories&post=15918"},{"taxonomy":"post_tag","embeddable":true,"href":"https:\/\/www1.esev.ipv.pt\/dacomunicacao\/index.php?rest_route=%2Fwp%2Fv2%2Ftags&post=15918"}],"curies":[{"name":"wp","href":"https:\/\/api.w.org\/{rel}","templated":true}]}}