{"id":15862,"date":"2022-05-23T12:59:56","date_gmt":"2022-05-23T12:59:56","guid":{"rendered":"https:\/\/www.esev.ipv.pt\/dacomunicacao\/?p=15862"},"modified":"2022-05-23T12:59:59","modified_gmt":"2022-05-23T12:59:59","slug":"joana-neto-finalista-de-comunicacao-social-cooperacao-entre-colegas-reflete-se-no-sucesso-academico","status":"publish","type":"post","link":"https:\/\/www1.esev.ipv.pt\/dacomunicacao\/?p=15862","title":{"rendered":"Joana Neto, finalista de Comunica\u00e7\u00e3o Social: coopera\u00e7\u00e3o entre colegas reflete-se no sucesso acad\u00e9mico"},"content":{"rendered":"\n<p><strong><em>Joana Neto, finalista de Comunica\u00e7\u00e3o Social da Escola Superior de Educa\u00e7\u00e3o de Viseu (ESEV), deu uma entrevista ao #dacomunica\u00e7\u00e3o e partilhou a sua experi\u00eancia acad\u00e9mica.<\/em><\/strong><\/p>\n\n\n\n<p><strong>Por Beatriz Fonseca, Francisco Jesus, Gustavo Louren\u00e7o e Joana Rocha<\/strong><\/p>\n\n\n\n<figure class=\"wp-block-image size-large\"><img loading=\"lazy\" width=\"768\" height=\"1024\" src=\"http:\/\/www.esev.ipv.pt\/dacomunicacao\/wp-content\/uploads\/2022\/05\/WhatsApp-Image-2022-05-04-at-15.42.09-768x1024.jpeg\" alt=\"\" class=\"wp-image-15863\" srcset=\"https:\/\/www1.esev.ipv.pt\/dacomunicacao\/wp-content\/uploads\/2022\/05\/WhatsApp-Image-2022-05-04-at-15.42.09-768x1024.jpeg 768w, https:\/\/www1.esev.ipv.pt\/dacomunicacao\/wp-content\/uploads\/2022\/05\/WhatsApp-Image-2022-05-04-at-15.42.09-225x300.jpeg 225w, https:\/\/www1.esev.ipv.pt\/dacomunicacao\/wp-content\/uploads\/2022\/05\/WhatsApp-Image-2022-05-04-at-15.42.09-1152x1536.jpeg 1152w, https:\/\/www1.esev.ipv.pt\/dacomunicacao\/wp-content\/uploads\/2022\/05\/WhatsApp-Image-2022-05-04-at-15.42.09.jpeg 1440w\" sizes=\"(max-width: 768px) 100vw, 768px\" \/><figcaption>Joana Neto<\/figcaption><\/figure>\n\n\n\n<p>A estudante de 29 anos possui no curr\u00edculo outra licenciatura, conclu\u00edda na Universidade de Aveiro, e ingressou no curso de Comunica\u00e7\u00e3o Social. N\u00e3o \u00e9 por acaso que as unidades curriculares preferidas da universit\u00e1ria s\u00e3o da \u00e1rea da televis\u00e3o, uma vez que \u00e9 a \u00e1rea onde sonha trabalhar, tendo sido este o principal motivo da escolha desta nova licenciatura.<\/p>\n\n\n\n<p>As amizades s\u00e3o um fator importante no seu percurso, sendo a coopera\u00e7\u00e3o entre colegas um dos principais motivos que se reflete no sucesso acad\u00e9mico, como real\u00e7a Joana Neto ao falar da sua primeira amizade em Viseu. &#8220;\u00c9 tamb\u00e9m uma fase muito importante, porque n\u00f3s tamb\u00e9m trabalh\u00e1mos juntas e isso contribuiu para todo o sucesso que houve durante o curso\u201d, considera a estudante.<\/p>\n\n\n\n<p>A finalista enaltece as condi\u00e7\u00f5es de aprendizagem da ESEV, sendo um \u201ccurso bastante pr\u00e1tico\u201d, no qual a teoria \u00e9 um suporte \u201cessencial para depois conseguirmos fazer uma pr\u00e1tica boa\u201d.<\/p>\n\n\n\n<p>Joana Neto prepara-se para iniciar o seu est\u00e1gio na produtora Shine e ir\u00e1 trabalhar na produ\u00e7\u00e3o de conte\u00fados do programa The Voice Kids. Daqui a cinco anos, espera estar a apresentar um programa de entretenimento, visto que \u00e9 um formato em que o ambiente \u00e9 mais descontra\u00eddo.<\/p>\n","protected":false},"excerpt":{"rendered":"<p>Joana Neto, finalista de Comunica\u00e7\u00e3o Social da Escola Superior de Educa\u00e7\u00e3o de Viseu (ESEV), deu uma entrevista ao #dacomunica\u00e7\u00e3o e<\/p>\n","protected":false},"author":4,"featured_media":15864,"comment_status":"open","ping_status":"open","sticky":false,"template":"","format":"standard","meta":[],"categories":[10],"tags":[98,290,292,330],"_links":{"self":[{"href":"https:\/\/www1.esev.ipv.pt\/dacomunicacao\/index.php?rest_route=\/wp\/v2\/posts\/15862"}],"collection":[{"href":"https:\/\/www1.esev.ipv.pt\/dacomunicacao\/index.php?rest_route=\/wp\/v2\/posts"}],"about":[{"href":"https:\/\/www1.esev.ipv.pt\/dacomunicacao\/index.php?rest_route=\/wp\/v2\/types\/post"}],"author":[{"embeddable":true,"href":"https:\/\/www1.esev.ipv.pt\/dacomunicacao\/index.php?rest_route=\/wp\/v2\/users\/4"}],"replies":[{"embeddable":true,"href":"https:\/\/www1.esev.ipv.pt\/dacomunicacao\/index.php?rest_route=%2Fwp%2Fv2%2Fcomments&post=15862"}],"version-history":[{"count":1,"href":"https:\/\/www1.esev.ipv.pt\/dacomunicacao\/index.php?rest_route=\/wp\/v2\/posts\/15862\/revisions"}],"predecessor-version":[{"id":15865,"href":"https:\/\/www1.esev.ipv.pt\/dacomunicacao\/index.php?rest_route=\/wp\/v2\/posts\/15862\/revisions\/15865"}],"wp:featuredmedia":[{"embeddable":true,"href":"https:\/\/www1.esev.ipv.pt\/dacomunicacao\/index.php?rest_route=\/wp\/v2\/media\/15864"}],"wp:attachment":[{"href":"https:\/\/www1.esev.ipv.pt\/dacomunicacao\/index.php?rest_route=%2Fwp%2Fv2%2Fmedia&parent=15862"}],"wp:term":[{"taxonomy":"category","embeddable":true,"href":"https:\/\/www1.esev.ipv.pt\/dacomunicacao\/index.php?rest_route=%2Fwp%2Fv2%2Fcategories&post=15862"},{"taxonomy":"post_tag","embeddable":true,"href":"https:\/\/www1.esev.ipv.pt\/dacomunicacao\/index.php?rest_route=%2Fwp%2Fv2%2Ftags&post=15862"}],"curies":[{"name":"wp","href":"https:\/\/api.w.org\/{rel}","templated":true}]}}