{"id":15836,"date":"2022-05-19T14:30:49","date_gmt":"2022-05-19T14:30:49","guid":{"rendered":"https:\/\/www.esev.ipv.pt\/dacomunicacao\/?p=15836"},"modified":"2022-05-19T14:30:51","modified_gmt":"2022-05-19T14:30:51","slug":"casa-da-ribeira-acolhe-mostra-de-docaria-tradicional-no-proximo-fim-de-semana","status":"publish","type":"post","link":"https:\/\/www1.esev.ipv.pt\/dacomunicacao\/?p=15836","title":{"rendered":"Casa da Ribeira acolhe Mostra de Do\u00e7aria Tradicional no pr\u00f3ximo fim de semana"},"content":{"rendered":"\n<p><strong><em>A Casa da Ribeira, em Viseu, recebe, no dia 22 de maio, a quinta edi\u00e7\u00e3o da Mostra de Do\u00e7aria Tradicional.<\/em><\/strong><\/p>\n\n\n\n<p><strong>Por Cristiana Domingues e Ver\u00f3nica Oliveira<\/strong><\/p>\n\n\n\n<p>Entre as 10 e as 18 horas, os visitantes do Museu Municipal, em Viseu, s\u00e3o convidados a conhecer os produtos de diversos operadores locais, podendo depois selecionar e adquirir os mais variados produtos de padaria e pastelaria.<\/p>\n\n\n\n<p>O evento conta tamb\u00e9m com a presen\u00e7a de diversos artes\u00e3os da regi\u00e3o que, ao longo do dia, v\u00e3o demonstrar os seus of\u00edcios, atrav\u00e9s de trabalho ao vivo.<\/p>\n\n\n\n<p>Para al\u00e9m destas din\u00e2micas, a Casa da Ribeira proporciona, ainda, um workshop de confe\u00e7\u00e3o de biscoitos, que acontece em dois hor\u00e1rios distintos: pelas 11h e pelas 15h. A participa\u00e7\u00e3o na oficina \u00e9 gratuita e destinada a todas as idades.<\/p>\n\n\n\n<p>A Mostra de Do\u00e7aria Tradicional \u00e9 um evento organizado pelo Munic\u00edpio de Viseu, atrav\u00e9s do Museu Municipal Casa da Ribeira. <\/p>\n","protected":false},"excerpt":{"rendered":"<p>A Casa da Ribeira, em Viseu, recebe, no dia 22 de maio, a quinta edi\u00e7\u00e3o da Mostra de Do\u00e7aria Tradicional.<\/p>\n","protected":false},"author":4,"featured_media":15837,"comment_status":"open","ping_status":"open","sticky":false,"template":"","format":"standard","meta":[],"categories":[15,462],"tags":[2287,4219,76],"_links":{"self":[{"href":"https:\/\/www1.esev.ipv.pt\/dacomunicacao\/index.php?rest_route=\/wp\/v2\/posts\/15836"}],"collection":[{"href":"https:\/\/www1.esev.ipv.pt\/dacomunicacao\/index.php?rest_route=\/wp\/v2\/posts"}],"about":[{"href":"https:\/\/www1.esev.ipv.pt\/dacomunicacao\/index.php?rest_route=\/wp\/v2\/types\/post"}],"author":[{"embeddable":true,"href":"https:\/\/www1.esev.ipv.pt\/dacomunicacao\/index.php?rest_route=\/wp\/v2\/users\/4"}],"replies":[{"embeddable":true,"href":"https:\/\/www1.esev.ipv.pt\/dacomunicacao\/index.php?rest_route=%2Fwp%2Fv2%2Fcomments&post=15836"}],"version-history":[{"count":1,"href":"https:\/\/www1.esev.ipv.pt\/dacomunicacao\/index.php?rest_route=\/wp\/v2\/posts\/15836\/revisions"}],"predecessor-version":[{"id":15838,"href":"https:\/\/www1.esev.ipv.pt\/dacomunicacao\/index.php?rest_route=\/wp\/v2\/posts\/15836\/revisions\/15838"}],"wp:featuredmedia":[{"embeddable":true,"href":"https:\/\/www1.esev.ipv.pt\/dacomunicacao\/index.php?rest_route=\/wp\/v2\/media\/15837"}],"wp:attachment":[{"href":"https:\/\/www1.esev.ipv.pt\/dacomunicacao\/index.php?rest_route=%2Fwp%2Fv2%2Fmedia&parent=15836"}],"wp:term":[{"taxonomy":"category","embeddable":true,"href":"https:\/\/www1.esev.ipv.pt\/dacomunicacao\/index.php?rest_route=%2Fwp%2Fv2%2Fcategories&post=15836"},{"taxonomy":"post_tag","embeddable":true,"href":"https:\/\/www1.esev.ipv.pt\/dacomunicacao\/index.php?rest_route=%2Fwp%2Fv2%2Ftags&post=15836"}],"curies":[{"name":"wp","href":"https:\/\/api.w.org\/{rel}","templated":true}]}}