{"id":15810,"date":"2022-05-18T14:06:06","date_gmt":"2022-05-18T14:06:06","guid":{"rendered":"https:\/\/www.esev.ipv.pt\/dacomunicacao\/?p=15810"},"modified":"2022-05-18T14:06:07","modified_gmt":"2022-05-18T14:06:07","slug":"alunos-do-politecnico-de-viseu-na-international-exchange-week-2022","status":"publish","type":"post","link":"https:\/\/www1.esev.ipv.pt\/dacomunicacao\/?p=15810","title":{"rendered":"Alunos do Polit\u00e9cnico de Viseu na International Exchange Week 2022"},"content":{"rendered":"\n<p><strong><em>Um grupo de oito alunos das licenciaturas em Turismo, Marketing, Engenharia Inform\u00e1tica e Tecnologias e Design de Multim\u00e9dia e a proferroa Susana Amante, da Escola Superior de Tecnologia e Gest\u00e3o do Instituto Polit\u00e9cnico de Viseu, participaram na International Exchange Week 2022, em Lovaina, como membros do projeto Cyberbullying, em parceria com outros alunos e docentes da Universidade de Zagreb (Cro\u00e1cia), Odisee University of Applied Sciences \u2013 Campus de Bruxelas e da UC Leuven-Limburg (UCLL), na B\u00e9lgica, entre os dias 2 e 6 de maio de 2022.<\/em><\/strong><\/p>\n\n\n\n<figure class=\"wp-block-image size-large\"><img loading=\"lazy\" width=\"1024\" height=\"768\" src=\"https:\/\/www.esev.ipv.pt\/dacomunicacao\/wp-content\/uploads\/2022\/05\/Grupo-Erasmus-scaled-1-1024x768.jpeg\" alt=\"\" class=\"wp-image-15811\" srcset=\"https:\/\/www1.esev.ipv.pt\/dacomunicacao\/wp-content\/uploads\/2022\/05\/Grupo-Erasmus-scaled-1-1024x768.jpeg 1024w, https:\/\/www1.esev.ipv.pt\/dacomunicacao\/wp-content\/uploads\/2022\/05\/Grupo-Erasmus-scaled-1-300x225.jpeg 300w, https:\/\/www1.esev.ipv.pt\/dacomunicacao\/wp-content\/uploads\/2022\/05\/Grupo-Erasmus-scaled-1-768x576.jpeg 768w, https:\/\/www1.esev.ipv.pt\/dacomunicacao\/wp-content\/uploads\/2022\/05\/Grupo-Erasmus-scaled-1-1536x1152.jpeg 1536w, https:\/\/www1.esev.ipv.pt\/dacomunicacao\/wp-content\/uploads\/2022\/05\/Grupo-Erasmus-scaled-1-2048x1536.jpeg 2048w\" sizes=\"(max-width: 1024px) 100vw, 1024px\" \/><figcaption>Grupo de participantes<\/figcaption><\/figure>\n\n\n\n<p>A participa\u00e7\u00e3o no projeto proporcionou aos alunos conhecimento do complexo fen\u00f3meno do cyberbullying. Durante a semana internacional, os alunos aprenderam defini\u00e7\u00f5es globais e regionais, bem como caracter\u00edsticas relevantes do cyberbullying e suas consequ\u00eancias a n\u00edvel individual e da sociedade, bem como as normas internacionais atuais para lidar com este fen\u00f3meno. Adicionalmente, os alunos desenvolveram compet\u00eancias para o trabalho pr\u00e1tico na preven\u00e7\u00e3o do cyberbullying. Os estudantes realizaram, ainda, visitas de estudo, assistiram a palestras sobre a tem\u00e1tica e criaram e avaliaram workshops de preven\u00e7\u00e3o do cyberbullying.<\/p>\n\n\n\n<p>Para al\u00e9m das compet\u00eancias relacionadas com a tem\u00e1tica do projeto, os estudantes tiveram a oportunidade de conhecer outras culturas e viver uma experi\u00eancia internacional.<\/p>\n","protected":false},"excerpt":{"rendered":"<p>Um grupo de oito alunos das licenciaturas em Turismo, Marketing, Engenharia Inform\u00e1tica e Tecnologias e Design de Multim\u00e9dia e a<\/p>\n","protected":false},"author":4,"featured_media":15812,"comment_status":"open","ping_status":"open","sticky":false,"template":"","format":"standard","meta":[],"categories":[11],"tags":[189,330],"_links":{"self":[{"href":"https:\/\/www1.esev.ipv.pt\/dacomunicacao\/index.php?rest_route=\/wp\/v2\/posts\/15810"}],"collection":[{"href":"https:\/\/www1.esev.ipv.pt\/dacomunicacao\/index.php?rest_route=\/wp\/v2\/posts"}],"about":[{"href":"https:\/\/www1.esev.ipv.pt\/dacomunicacao\/index.php?rest_route=\/wp\/v2\/types\/post"}],"author":[{"embeddable":true,"href":"https:\/\/www1.esev.ipv.pt\/dacomunicacao\/index.php?rest_route=\/wp\/v2\/users\/4"}],"replies":[{"embeddable":true,"href":"https:\/\/www1.esev.ipv.pt\/dacomunicacao\/index.php?rest_route=%2Fwp%2Fv2%2Fcomments&post=15810"}],"version-history":[{"count":1,"href":"https:\/\/www1.esev.ipv.pt\/dacomunicacao\/index.php?rest_route=\/wp\/v2\/posts\/15810\/revisions"}],"predecessor-version":[{"id":15813,"href":"https:\/\/www1.esev.ipv.pt\/dacomunicacao\/index.php?rest_route=\/wp\/v2\/posts\/15810\/revisions\/15813"}],"wp:featuredmedia":[{"embeddable":true,"href":"https:\/\/www1.esev.ipv.pt\/dacomunicacao\/index.php?rest_route=\/wp\/v2\/media\/15812"}],"wp:attachment":[{"href":"https:\/\/www1.esev.ipv.pt\/dacomunicacao\/index.php?rest_route=%2Fwp%2Fv2%2Fmedia&parent=15810"}],"wp:term":[{"taxonomy":"category","embeddable":true,"href":"https:\/\/www1.esev.ipv.pt\/dacomunicacao\/index.php?rest_route=%2Fwp%2Fv2%2Fcategories&post=15810"},{"taxonomy":"post_tag","embeddable":true,"href":"https:\/\/www1.esev.ipv.pt\/dacomunicacao\/index.php?rest_route=%2Fwp%2Fv2%2Ftags&post=15810"}],"curies":[{"name":"wp","href":"https:\/\/api.w.org\/{rel}","templated":true}]}}