{"id":15765,"date":"2022-05-18T14:05:52","date_gmt":"2022-05-18T14:05:52","guid":{"rendered":"https:\/\/www.esev.ipv.pt\/dacomunicacao\/?p=15765"},"modified":"2022-05-18T14:05:54","modified_gmt":"2022-05-18T14:05:54","slug":"a-arte-e-o-alimento-da-alma","status":"publish","type":"post","link":"https:\/\/www1.esev.ipv.pt\/dacomunicacao\/?p=15765","title":{"rendered":"\u201cA arte \u00e9 o alimento da alma\u201d"},"content":{"rendered":"\n<p><strong><em>Jos\u00e9 Abrantes, coordenador do projeto financiado pelo Instituto Polit\u00e9cnico de Viseu (IPV) &#8211; \u201cA toupeira que queria saber quem lhe fizera aquilo na cabe\u00e7a\u201d, assume que \u201ca cultura n\u00e3o \u00e9 s\u00f3 lazer, mas tamb\u00e9m aprendizagem\u201d.<\/em><\/strong><\/p>\n\n\n\n<p><strong>Por Ana Rita Lima, Guilherme Moreno, Paulo Rodrigues e Tatiana Marquinhos<\/strong><\/p>\n\n\n\n<p>A apresenta\u00e7\u00e3o do projeto vencedor do concurso de financiamento do Instituto Polit\u00e9cnico de Viseu (IPV) decorrer\u00e1 no dia do instituto, a 6 de dezembro deste ano. O coordenador, ator, e aluno de \u201cArtes da Performance Cultural\u201d, Jos\u00e9 Abrantes, confessa que a ideia do projeto surgiu num conv\u00edvio entre amigos, ap\u00f3s lhe terem apresentado o livro que o fez \u201cficar com vontade de um dia mais tarde fazer um espet\u00e1culo\u201d.<\/p>\n\n\n\n<p>O ator viseense salienta que este \u00e9 um \u201cprojeto fora do comum\u201d, pois \u201cprovoca interesse em saber quem \u00e9 que fez aquilo na cabe\u00e7a da toupeira\u201d. Jos\u00e9 Abrantes conta ainda que as suas responsabilidades \u201cincidem na dire\u00e7\u00e3o e coordena\u00e7\u00e3o de projeto\u201d, pelo que a participa\u00e7\u00e3o de alunos e professores se revela fundamental.<\/p>\n\n\n\n<p>Apesar de o nome da pe\u00e7a remeter para um tema infantil, o coordenador do projeto afirma que \u201ca ideia era que a pe\u00e7a n\u00e3o fosse s\u00f3 para crian\u00e7as\u201d. Ao contr\u00e1rio dos adultos, \u201cas crian\u00e7as s\u00e3o muito mais ing\u00e9nuas e abertas\u201d a temas controversos &#8211; tabus, tais como guerras e pandemias.<\/p>\n\n\n\n<p>Apesar das dificuldades que a crise pand\u00e9mica causou \u00e0 \u00e1rea da cultura, no adiamento ou cancelamento de espet\u00e1culos, Jos\u00e9 Abrantes considera que \u201c\u00e9 mais preocupante a guerra do que a pandemia, principalmente por ter origem humana\u201d. Mesmo sendo uma situa\u00e7\u00e3o de \u201ccalamidade\u201d, o diretor acredita que \u201cas guerras foram importantes naquilo que foi a evolu\u00e7\u00e3o da cultura e da sociedade\u201d.<\/p>\n\n\n\n<p>O objetivo do projeto passa por apostar na continuidade do espet\u00e1culo, sendo que o palco do IPV \u00e9 o \u00fanico confirmado at\u00e9 ao momento. O coordenador afirma que h\u00e1 c\u00e2maras e escolas interessadas no espet\u00e1culo, nomeadamente no concelho de Nelas.<\/p>\n","protected":false},"excerpt":{"rendered":"<p>Jos\u00e9 Abrantes, coordenador do projeto financiado pelo Instituto Polit\u00e9cnico de Viseu (IPV) &#8211; \u201cA toupeira que queria saber quem lhe<\/p>\n","protected":false},"author":4,"featured_media":15815,"comment_status":"open","ping_status":"open","sticky":false,"template":"","format":"standard","meta":[],"categories":[15],"tags":[4213,330],"_links":{"self":[{"href":"https:\/\/www1.esev.ipv.pt\/dacomunicacao\/index.php?rest_route=\/wp\/v2\/posts\/15765"}],"collection":[{"href":"https:\/\/www1.esev.ipv.pt\/dacomunicacao\/index.php?rest_route=\/wp\/v2\/posts"}],"about":[{"href":"https:\/\/www1.esev.ipv.pt\/dacomunicacao\/index.php?rest_route=\/wp\/v2\/types\/post"}],"author":[{"embeddable":true,"href":"https:\/\/www1.esev.ipv.pt\/dacomunicacao\/index.php?rest_route=\/wp\/v2\/users\/4"}],"replies":[{"embeddable":true,"href":"https:\/\/www1.esev.ipv.pt\/dacomunicacao\/index.php?rest_route=%2Fwp%2Fv2%2Fcomments&post=15765"}],"version-history":[{"count":1,"href":"https:\/\/www1.esev.ipv.pt\/dacomunicacao\/index.php?rest_route=\/wp\/v2\/posts\/15765\/revisions"}],"predecessor-version":[{"id":15766,"href":"https:\/\/www1.esev.ipv.pt\/dacomunicacao\/index.php?rest_route=\/wp\/v2\/posts\/15765\/revisions\/15766"}],"wp:featuredmedia":[{"embeddable":true,"href":"https:\/\/www1.esev.ipv.pt\/dacomunicacao\/index.php?rest_route=\/wp\/v2\/media\/15815"}],"wp:attachment":[{"href":"https:\/\/www1.esev.ipv.pt\/dacomunicacao\/index.php?rest_route=%2Fwp%2Fv2%2Fmedia&parent=15765"}],"wp:term":[{"taxonomy":"category","embeddable":true,"href":"https:\/\/www1.esev.ipv.pt\/dacomunicacao\/index.php?rest_route=%2Fwp%2Fv2%2Fcategories&post=15765"},{"taxonomy":"post_tag","embeddable":true,"href":"https:\/\/www1.esev.ipv.pt\/dacomunicacao\/index.php?rest_route=%2Fwp%2Fv2%2Ftags&post=15765"}],"curies":[{"name":"wp","href":"https:\/\/api.w.org\/{rel}","templated":true}]}}