{"id":15761,"date":"2022-05-11T15:51:46","date_gmt":"2022-05-11T15:51:46","guid":{"rendered":"https:\/\/www.esev.ipv.pt\/dacomunicacao\/?p=15761"},"modified":"2022-05-11T15:51:49","modified_gmt":"2022-05-11T15:51:49","slug":"vanessa-gallardo-em-residencia-artistica-na-escola-superior-de-educacao-de-viseu","status":"publish","type":"post","link":"https:\/\/www1.esev.ipv.pt\/dacomunicacao\/?p=15761","title":{"rendered":"Vanessa Gallardo em resid\u00eancia art\u00edstica na Escola Superior de Educa\u00e7\u00e3o de Viseu"},"content":{"rendered":"\n<p><strong><em>Decorreu nos passados dias 4, 5, 6 e 7 de maio uma Resid\u00eancia Art\u00edstica com a dinamiza\u00e7\u00e3o de um Workshop de Gravura, pela artista pl\u00e1stica e docente na \u201cFaculdad de Bellas Artes de la Universidad de Salamanca\u201d, Vanessa Gallardo. O workshop foi dinamizado no \u00e2mbito do Projeto de Interven\u00e7\u00e3o Art\u00edstica, &#8220;Like a bird&#8230;&#8221;, coordenado pela docente da ESEV, Ana Souto e Melo, e \u00e9 financiado pelo Instituto Polit\u00e9cnico de Viseu, atrav\u00e9s do programa de Apoio \u00e0 Cria\u00e7\u00e3o Art\u00edstica.<\/em><\/strong><\/p>\n\n\n\n<figure class=\"wp-block-image size-large\"><img loading=\"lazy\" width=\"1024\" height=\"683\" src=\"https:\/\/www.esev.ipv.pt\/dacomunicacao\/wp-content\/uploads\/2022\/05\/DSC03035-1024x683.jpg\" alt=\"\" class=\"wp-image-15763\" srcset=\"https:\/\/www1.esev.ipv.pt\/dacomunicacao\/wp-content\/uploads\/2022\/05\/DSC03035-1024x683.jpg 1024w, https:\/\/www1.esev.ipv.pt\/dacomunicacao\/wp-content\/uploads\/2022\/05\/DSC03035-300x200.jpg 300w, https:\/\/www1.esev.ipv.pt\/dacomunicacao\/wp-content\/uploads\/2022\/05\/DSC03035-768x512.jpg 768w, https:\/\/www1.esev.ipv.pt\/dacomunicacao\/wp-content\/uploads\/2022\/05\/DSC03035-1536x1024.jpg 1536w, https:\/\/www1.esev.ipv.pt\/dacomunicacao\/wp-content\/uploads\/2022\/05\/DSC03035-2048x1365.jpg 2048w\" sizes=\"(max-width: 1024px) 100vw, 1024px\" \/><figcaption>Vanessa Gallardo orientou workshop na ESEV<\/figcaption><\/figure>\n\n\n\n<p>O Workshop envolveu alunos finalistas do curso de Artes Pl\u00e1stica e Multim\u00e9dia, alunos do Mestrado em Ensino de Educa\u00e7\u00e3o Visual e Tecnol\u00f3gica no Ensino B\u00e1sico (EEVTEB), docentes da \u00e1rea das artes da Escola Superior de Educa\u00e7\u00e3o de Viseu, tendo sido aberto \u00e0 participa\u00e7\u00e3o dos orientadores cooperantes do Mestrado EEVTEB.<\/p>\n\n\n\n<p>O Projeto \u201cLike a bird\u2026\u201d tem como conceito a explora\u00e7\u00e3o gr\u00e1fica e visual do isolamento provocado pela pandemia, tendo sido iniciado em novembro de 2021, com a participa\u00e7\u00e3o dos alunos em dois Workshops dinamizados por docentes da ESEV, um de din\u00e2micas criativas e constru\u00e7\u00e3o de mapa mental; outro de constru\u00e7\u00e3o de uma composi\u00e7\u00e3o visual. Culminar\u00e1 com a realiza\u00e7\u00e3o de uma exposi\u00e7\u00e3o final na ESEV com todos os trabalhos elaborados.<\/p>\n","protected":false},"excerpt":{"rendered":"<p>Decorreu nos passados dias 4, 5, 6 e 7 de maio uma Resid\u00eancia Art\u00edstica com a dinamiza\u00e7\u00e3o de um Workshop<\/p>\n","protected":false},"author":4,"featured_media":15762,"comment_status":"open","ping_status":"open","sticky":false,"template":"","format":"standard","meta":[],"categories":[15],"tags":[1769,292,4210,4211,4212,4209],"_links":{"self":[{"href":"https:\/\/www1.esev.ipv.pt\/dacomunicacao\/index.php?rest_route=\/wp\/v2\/posts\/15761"}],"collection":[{"href":"https:\/\/www1.esev.ipv.pt\/dacomunicacao\/index.php?rest_route=\/wp\/v2\/posts"}],"about":[{"href":"https:\/\/www1.esev.ipv.pt\/dacomunicacao\/index.php?rest_route=\/wp\/v2\/types\/post"}],"author":[{"embeddable":true,"href":"https:\/\/www1.esev.ipv.pt\/dacomunicacao\/index.php?rest_route=\/wp\/v2\/users\/4"}],"replies":[{"embeddable":true,"href":"https:\/\/www1.esev.ipv.pt\/dacomunicacao\/index.php?rest_route=%2Fwp%2Fv2%2Fcomments&post=15761"}],"version-history":[{"count":1,"href":"https:\/\/www1.esev.ipv.pt\/dacomunicacao\/index.php?rest_route=\/wp\/v2\/posts\/15761\/revisions"}],"predecessor-version":[{"id":15764,"href":"https:\/\/www1.esev.ipv.pt\/dacomunicacao\/index.php?rest_route=\/wp\/v2\/posts\/15761\/revisions\/15764"}],"wp:featuredmedia":[{"embeddable":true,"href":"https:\/\/www1.esev.ipv.pt\/dacomunicacao\/index.php?rest_route=\/wp\/v2\/media\/15762"}],"wp:attachment":[{"href":"https:\/\/www1.esev.ipv.pt\/dacomunicacao\/index.php?rest_route=%2Fwp%2Fv2%2Fmedia&parent=15761"}],"wp:term":[{"taxonomy":"category","embeddable":true,"href":"https:\/\/www1.esev.ipv.pt\/dacomunicacao\/index.php?rest_route=%2Fwp%2Fv2%2Fcategories&post=15761"},{"taxonomy":"post_tag","embeddable":true,"href":"https:\/\/www1.esev.ipv.pt\/dacomunicacao\/index.php?rest_route=%2Fwp%2Fv2%2Ftags&post=15761"}],"curies":[{"name":"wp","href":"https:\/\/api.w.org\/{rel}","templated":true}]}}