{"id":15734,"date":"2022-05-06T13:25:46","date_gmt":"2022-05-06T13:25:46","guid":{"rendered":"https:\/\/www.esev.ipv.pt\/dacomunicacao\/?p=15734"},"modified":"2022-05-06T13:29:10","modified_gmt":"2022-05-06T13:29:10","slug":"o-jornalismo-de-proximidade-ouve-quem-nao-tem-voz","status":"publish","type":"post","link":"https:\/\/www1.esev.ipv.pt\/dacomunicacao\/?p=15734","title":{"rendered":"O jornalismo de proximidade ouve quem n\u00e3o tem voz"},"content":{"rendered":"\n<p><strong><em>Estar mais pr\u00f3ximo de quem precisa de ser ouvido \u00e9 a principal ambi\u00e7\u00e3o de Ana Mamede no seu trabalho no jornalismo de proximidade. A jornalista foi entrevistada pelos alunos de Comunica\u00e7\u00e3o Social da Escola Superior de Educa\u00e7\u00e3o de Viseu e relatou o seu breve percurso no mundo do jornalismo de proximidade, quando ainda era jornalista do Jornal de Anadia.<\/em><\/strong><\/p>\n\n\n\n<p><strong>Por Ver\u00f3nica Oliveira<\/strong><\/p>\n\n\n\n<p>Com destaque nas principais falhas e com conselhos para o futuro, a rec\u00e9m mestre em Jornalismo e Comunica\u00e7\u00e3o descreveu em pormenor as experi\u00eancias que recolheu ao longo dos seus dois est\u00e1gios no <em>Di\u00e1rio de Coimbra<\/em> e na <em>Not\u00edcias Magazine<\/em>.<\/p>\n\n\n\n<p>\u201c<em>Fiz est\u00e1gios em dois s\u00edtios diferentes e percebi como \u00e9 que os conte\u00fados eram tratados, de forma diferente e como os temas eram escolhidos e abordados<\/em>\u201d, afirma.<\/p>\n\n\n\n<p>Ap\u00f3s concluir a sua licenciatura no mesmo curso dos alunos que a ouviram, Ana Mamede destacou que o seu objetivo inicial era seguir carreira preferencialmente num jornal nacional.<\/p>\n\n\n\n<figure class=\"wp-block-image size-large\"><img loading=\"lazy\" width=\"768\" height=\"768\" src=\"http:\/\/www.esev.ipv.pt\/dacomunicacao\/wp-content\/uploads\/2022\/05\/273945972_2143818055777496_2816299439822567269_n.jpg\" alt=\"\" class=\"wp-image-15736\" srcset=\"https:\/\/www1.esev.ipv.pt\/dacomunicacao\/wp-content\/uploads\/2022\/05\/273945972_2143818055777496_2816299439822567269_n.jpg 768w, https:\/\/www1.esev.ipv.pt\/dacomunicacao\/wp-content\/uploads\/2022\/05\/273945972_2143818055777496_2816299439822567269_n-300x300.jpg 300w, https:\/\/www1.esev.ipv.pt\/dacomunicacao\/wp-content\/uploads\/2022\/05\/273945972_2143818055777496_2816299439822567269_n-150x150.jpg 150w\" sizes=\"(max-width: 768px) 100vw, 768px\" \/><figcaption>Ana Mamede<\/figcaption><\/figure>\n\n\n\n<p>\u201c<em>A minha ideia inicial era sair da minha casa e ter uma experi\u00eancia nova. Basicamente eu cheguei l\u00e1, aprendi muitas coisas, mas n\u00e3o gostei porque era num \u00e2mbito nacional. Ent\u00e3o queria experimentar uma realidade que fosse um bocadinho mais pequena, para ver se correspondia \u00e0s expectativas daquilo que eu achava que o jornalismo deveria ser<\/em>\u201d, conta.<\/p>\n\n\n\n<p>Rapidamente entendeu que um trabalho mais focado num meio pequeno, contaria outra hist\u00f3ria na sua experi\u00eancia jornal\u00edstica. Foi durante o seu est\u00e1gio de mestrado no <em>Di\u00e1rio de Coimbra<\/em>, que Ana Jo\u00e3o Mamede sentiu o impulso para continuar a explorar o jornalismo a n\u00edvel regional.&nbsp;<\/p>\n\n\n\n<p>\u201c<em>Foi nesse sentido<\/em>, <em>eu n\u00e3o gostei daquela experi\u00eancia e quero experimentar uma coisa que seja completamente oposta. Fui nessa onda e agora trabalho num jornal regional<\/em>\u201d.<\/p>\n\n\n\n<p>O gosto pessoal em se comunicar com as pessoas que a rodeiam, fez com que a jornalista tomasse partido da profiss\u00e3o para expor problemas da comunidade, realizando reportagens e not\u00edcias que dessem voz a essas mesmas situa\u00e7\u00f5es.<\/p>\n\n\n\n<p>Ana Mamede tamb\u00e9m apresentou aos alunos que a acompanhavam, o estudo que realizou na sua tese de mestrado, onde analisou o grau de jornalismo de proximidade praticado por dois jornais distintos. A jornalista concluiu que <em>\u201co jornalismo \u00e9 ouvir as pessoas, \u00e9 ouvir aquilo que elas t\u00eam para nos dizer, \u00e9 ter a oportunidade de contar a hist\u00f3ria das pessoas pelas nossas palavras\u201d.<\/em><\/p>\n\n\n\n<p><em>N\u00e3o devemos terminar uma not\u00edcia com uma cita\u00e7\u00e3o. N\u00e3o \u00e9 um erro grave, mas evita-se.<\/em><\/p>\n\n\n\n<p class=\"has-text-align-right\"><strong>Imagens: Direitos Reservados<\/strong><\/p>\n","protected":false},"excerpt":{"rendered":"<p>Estar mais pr\u00f3ximo de quem precisa de ser ouvido \u00e9 a principal ambi\u00e7\u00e3o de Ana Mamede no seu trabalho no<\/p>\n","protected":false},"author":4,"featured_media":15735,"comment_status":"open","ping_status":"open","sticky":false,"template":"","format":"standard","meta":[],"categories":[11],"tags":[98,4200,345,3525,4201],"_links":{"self":[{"href":"https:\/\/www1.esev.ipv.pt\/dacomunicacao\/index.php?rest_route=\/wp\/v2\/posts\/15734"}],"collection":[{"href":"https:\/\/www1.esev.ipv.pt\/dacomunicacao\/index.php?rest_route=\/wp\/v2\/posts"}],"about":[{"href":"https:\/\/www1.esev.ipv.pt\/dacomunicacao\/index.php?rest_route=\/wp\/v2\/types\/post"}],"author":[{"embeddable":true,"href":"https:\/\/www1.esev.ipv.pt\/dacomunicacao\/index.php?rest_route=\/wp\/v2\/users\/4"}],"replies":[{"embeddable":true,"href":"https:\/\/www1.esev.ipv.pt\/dacomunicacao\/index.php?rest_route=%2Fwp%2Fv2%2Fcomments&post=15734"}],"version-history":[{"count":1,"href":"https:\/\/www1.esev.ipv.pt\/dacomunicacao\/index.php?rest_route=\/wp\/v2\/posts\/15734\/revisions"}],"predecessor-version":[{"id":15737,"href":"https:\/\/www1.esev.ipv.pt\/dacomunicacao\/index.php?rest_route=\/wp\/v2\/posts\/15734\/revisions\/15737"}],"wp:featuredmedia":[{"embeddable":true,"href":"https:\/\/www1.esev.ipv.pt\/dacomunicacao\/index.php?rest_route=\/wp\/v2\/media\/15735"}],"wp:attachment":[{"href":"https:\/\/www1.esev.ipv.pt\/dacomunicacao\/index.php?rest_route=%2Fwp%2Fv2%2Fmedia&parent=15734"}],"wp:term":[{"taxonomy":"category","embeddable":true,"href":"https:\/\/www1.esev.ipv.pt\/dacomunicacao\/index.php?rest_route=%2Fwp%2Fv2%2Fcategories&post=15734"},{"taxonomy":"post_tag","embeddable":true,"href":"https:\/\/www1.esev.ipv.pt\/dacomunicacao\/index.php?rest_route=%2Fwp%2Fv2%2Ftags&post=15734"}],"curies":[{"name":"wp","href":"https:\/\/api.w.org\/{rel}","templated":true}]}}