{"id":15653,"date":"2022-04-01T11:42:59","date_gmt":"2022-04-01T11:42:59","guid":{"rendered":"https:\/\/www.esev.ipv.pt\/dacomunicacao\/?p=15653"},"modified":"2022-04-01T11:43:02","modified_gmt":"2022-04-01T11:43:02","slug":"esev-recebeu-viii-encontro-de-jornalismo-especializado","status":"publish","type":"post","link":"https:\/\/www1.esev.ipv.pt\/dacomunicacao\/?p=15653","title":{"rendered":"ESEV recebeu \u201cVIII Encontro de Jornalismo Especializado\u201d"},"content":{"rendered":"\n<p><strong><em>No passado dia 30 de mar\u00e7o, no decorrer dos Dias da Comunica\u00e7\u00e3o Social, a Escola Superior de Educa\u00e7\u00e3o de Viseu recebeu o \u201cVIII Encontro de Jornalismo Especializado\u201d, presidido pela coordenadora do curso de Comunica\u00e7\u00e3o Social, Joana Martins.<\/em><\/strong><\/p>\n\n\n\n<p>O encontro contou com a presen\u00e7a de Jo\u00e3o Nogueira, Kevin Santos e Regina Nunes, alunos do terceiro ano do Curso de Comunica\u00e7\u00e3o Social da Escola Superior de Educa\u00e7\u00e3o de Viseu (ESEV), que apresentaram o resultado dos seus trabalhos de investiga\u00e7\u00e3o.<\/p>\n\n\n\n<p>Jo\u00e3o Nogueira come\u00e7ou por abordar o tema da economia, focando a sua an\u00e1lise no chumbo do Or\u00e7amento de Estado, sobre o qual foram analisadas diversas capas de jornais generalistas e apresentados dados sobre a cobertura do processo que levaria \u00e0 antecipa\u00e7\u00e3o das elei\u00e7\u00f5es legislativas.<\/p>\n\n\n\n<p>Kevin Santos introduziu o tema do desporto numa an\u00e1lise feita ao Jornal Record e retirou conclus\u00f5es sobre a predomin\u00e2ncia do futebol em rela\u00e7\u00e3o a todas as outras modalidades, destacando a supremacia dos \u201c3 grandes\u201d (Benfica, Sporting e Futebol Clube do Porto), mesmo em datas que coincidiram com grandes conquistas de outras modalidades.<\/p>\n\n\n\n<p>Por fim, Regina Nunes incidiu a sua an\u00e1lise nas Elei\u00e7\u00f5es Aut\u00e1rquicas de 2021, tratadas pelo Jornal de Not\u00edcias, um jornal que tem a sua sede na cidade do Porto. Acerca desta particularidade, a aluna apresentou dados que relacionam a localiza\u00e7\u00e3o geogr\u00e1fica com a linha editorial do jornal.<\/p>\n\n\n\n<p>O encontro terminou com um espa\u00e7o aberto a quest\u00f5es por parte do p\u00fablico aos oradores.<\/p>\n\n\n\n<p>Os Dias da Comunica\u00e7\u00e3o Social decorrem at\u00e9 5 de abril na Escola Superior de Educa\u00e7\u00e3o de Viseu.<\/p>\n","protected":false},"excerpt":{"rendered":"<p>No passado dia 30 de mar\u00e7o, no decorrer dos Dias da Comunica\u00e7\u00e3o Social, a Escola Superior de Educa\u00e7\u00e3o de Viseu<\/p>\n","protected":false},"author":4,"featured_media":12088,"comment_status":"open","ping_status":"open","sticky":false,"template":"","format":"standard","meta":[],"categories":[10],"tags":[368,366],"_links":{"self":[{"href":"https:\/\/www1.esev.ipv.pt\/dacomunicacao\/index.php?rest_route=\/wp\/v2\/posts\/15653"}],"collection":[{"href":"https:\/\/www1.esev.ipv.pt\/dacomunicacao\/index.php?rest_route=\/wp\/v2\/posts"}],"about":[{"href":"https:\/\/www1.esev.ipv.pt\/dacomunicacao\/index.php?rest_route=\/wp\/v2\/types\/post"}],"author":[{"embeddable":true,"href":"https:\/\/www1.esev.ipv.pt\/dacomunicacao\/index.php?rest_route=\/wp\/v2\/users\/4"}],"replies":[{"embeddable":true,"href":"https:\/\/www1.esev.ipv.pt\/dacomunicacao\/index.php?rest_route=%2Fwp%2Fv2%2Fcomments&post=15653"}],"version-history":[{"count":1,"href":"https:\/\/www1.esev.ipv.pt\/dacomunicacao\/index.php?rest_route=\/wp\/v2\/posts\/15653\/revisions"}],"predecessor-version":[{"id":15654,"href":"https:\/\/www1.esev.ipv.pt\/dacomunicacao\/index.php?rest_route=\/wp\/v2\/posts\/15653\/revisions\/15654"}],"wp:featuredmedia":[{"embeddable":true,"href":"https:\/\/www1.esev.ipv.pt\/dacomunicacao\/index.php?rest_route=\/wp\/v2\/media\/12088"}],"wp:attachment":[{"href":"https:\/\/www1.esev.ipv.pt\/dacomunicacao\/index.php?rest_route=%2Fwp%2Fv2%2Fmedia&parent=15653"}],"wp:term":[{"taxonomy":"category","embeddable":true,"href":"https:\/\/www1.esev.ipv.pt\/dacomunicacao\/index.php?rest_route=%2Fwp%2Fv2%2Fcategories&post=15653"},{"taxonomy":"post_tag","embeddable":true,"href":"https:\/\/www1.esev.ipv.pt\/dacomunicacao\/index.php?rest_route=%2Fwp%2Fv2%2Ftags&post=15653"}],"curies":[{"name":"wp","href":"https:\/\/api.w.org\/{rel}","templated":true}]}}