{"id":15422,"date":"2022-02-25T09:16:35","date_gmt":"2022-02-25T09:16:35","guid":{"rendered":"https:\/\/www.esev.ipv.pt\/dacomunicacao\/?p=15422"},"modified":"2022-02-25T09:20:58","modified_gmt":"2022-02-25T09:20:58","slug":"guerreiros-do-minho-carimbam-acesso-aos-oitavos-apos-as-grandes-penalidades","status":"publish","type":"post","link":"https:\/\/www1.esev.ipv.pt\/dacomunicacao\/?p=15422","title":{"rendered":"\u201cGuerreiros do Minho&#8221; carimbam acesso aos oitavos ap\u00f3s as grandes penalidades"},"content":{"rendered":"\n<p><strong><em>Ap\u00f3s 120 minutos de jogo da segunda m\u00e3o e uma eliminat\u00f3ria em aberto, o acesso aos oitavos-de-final da Liga Europa ficou selado apenas nas grandes penalidades. O Braga bateu o Sheriff por 3-2 e seguiu para a pr\u00f3xima fase.<\/em><\/strong><\/p>\n\n\n\n<p><strong><em>Por T\u00e2nia Chaves<\/em><\/strong><\/p>\n\n\n\n<p>A partida come\u00e7ou com Braga dominante na partida e a fazer o primeiro golo aos 17 minutos, por Iuri Medeiros.&nbsp;<\/p>\n\n\n\n<p>Convicto de que poderia deixar para tr\u00e1s a equipa moldava, o conjunto de Carlos Carvalhal chegou ao 2-0 aos 40\u2019 por Ricardo Horta. O avan\u00e7ado portugu\u00eas fez o segundo golo do jogo e empatou a eliminat\u00f3ria em 2-2 (combinado).&nbsp;<\/p>\n\n\n\n<p>Perante a desvantagem no marcador durante o segundo tempo, os moldavos tentaram sair em contra-ataque, mas Yakhsiboev acabou por decidir mal e colocar o cruzamento nas m\u00e3os de Matheus.&nbsp;<\/p>\n\n\n\n<p>Ap\u00f3s prolongamento, a eliminat\u00f3ria acabou por ser decidida nas grandes penalidades, atrav\u00e9s da convers\u00e3o de Francisco Moura que no frente a frente com o guarda-redes do Sheriff n\u00e3o vacilou, fazendo o 3-2 final.<\/p>\n\n\n\n<p>Tal como o FC Porto, tamb\u00e9m a equipa de Carlos Carvalhal segue para a pr\u00f3xima ronda da competi\u00e7\u00e3o. As duas equipas portuguesas ficam a conhecer os pr\u00f3ximos advers\u00e1rios no sorteio de hoje, 25.<\/p>\n","protected":false},"excerpt":{"rendered":"<p>Ap\u00f3s 120 minutos de jogo da segunda m\u00e3o e uma eliminat\u00f3ria em aberto, o acesso aos oitavos-de-final da Liga Europa<\/p>\n","protected":false},"author":27,"featured_media":15423,"comment_status":"open","ping_status":"open","sticky":false,"template":"","format":"standard","meta":[],"categories":[13],"tags":[383,1662],"_links":{"self":[{"href":"https:\/\/www1.esev.ipv.pt\/dacomunicacao\/index.php?rest_route=\/wp\/v2\/posts\/15422"}],"collection":[{"href":"https:\/\/www1.esev.ipv.pt\/dacomunicacao\/index.php?rest_route=\/wp\/v2\/posts"}],"about":[{"href":"https:\/\/www1.esev.ipv.pt\/dacomunicacao\/index.php?rest_route=\/wp\/v2\/types\/post"}],"author":[{"embeddable":true,"href":"https:\/\/www1.esev.ipv.pt\/dacomunicacao\/index.php?rest_route=\/wp\/v2\/users\/27"}],"replies":[{"embeddable":true,"href":"https:\/\/www1.esev.ipv.pt\/dacomunicacao\/index.php?rest_route=%2Fwp%2Fv2%2Fcomments&post=15422"}],"version-history":[{"count":3,"href":"https:\/\/www1.esev.ipv.pt\/dacomunicacao\/index.php?rest_route=\/wp\/v2\/posts\/15422\/revisions"}],"predecessor-version":[{"id":15426,"href":"https:\/\/www1.esev.ipv.pt\/dacomunicacao\/index.php?rest_route=\/wp\/v2\/posts\/15422\/revisions\/15426"}],"wp:featuredmedia":[{"embeddable":true,"href":"https:\/\/www1.esev.ipv.pt\/dacomunicacao\/index.php?rest_route=\/wp\/v2\/media\/15423"}],"wp:attachment":[{"href":"https:\/\/www1.esev.ipv.pt\/dacomunicacao\/index.php?rest_route=%2Fwp%2Fv2%2Fmedia&parent=15422"}],"wp:term":[{"taxonomy":"category","embeddable":true,"href":"https:\/\/www1.esev.ipv.pt\/dacomunicacao\/index.php?rest_route=%2Fwp%2Fv2%2Fcategories&post=15422"},{"taxonomy":"post_tag","embeddable":true,"href":"https:\/\/www1.esev.ipv.pt\/dacomunicacao\/index.php?rest_route=%2Fwp%2Fv2%2Ftags&post=15422"}],"curies":[{"name":"wp","href":"https:\/\/api.w.org\/{rel}","templated":true}]}}