{"id":14673,"date":"2022-01-11T20:26:17","date_gmt":"2022-01-11T20:26:17","guid":{"rendered":"https:\/\/www.esev.ipv.pt\/dacomunicacao\/?p=14673"},"modified":"2022-01-11T20:26:20","modified_gmt":"2022-01-11T20:26:20","slug":"escola-da-noite-celebra-30-anos-com-exibicao-de-quatro-espetaculos","status":"publish","type":"post","link":"https:\/\/www1.esev.ipv.pt\/dacomunicacao\/?p=14673","title":{"rendered":"Escola da Noite celebra 30 anos com exibi\u00e7\u00e3o de quatro espet\u00e1culos"},"content":{"rendered":"\n<p><strong><em>A companhia de teatro de Coimbra, A Escola da Noite, arranca o ano de comemora\u00e7\u00f5es de 30 anos de exist\u00eancia com a exibi\u00e7\u00e3o de quatro espet\u00e1culos entre os meses de janeiro e de abril.<\/em><\/strong><\/p>\n\n\n\n<p><strong><em>Por Sofia Sim\u00e3o<\/em><\/strong><\/p>\n\n\n\n<p>O ciclo \u00e9 denominado &#8220;Trabalhos da Casa&#8221;, pois permite ver ou rever as pe\u00e7as de Gil Vicente, Mat\u00e9i Visniec e Gon\u00e7alo M. Tavares.<\/p>\n\n\n\n<p>O ciclo das comemora\u00e7\u00f5es do anivers\u00e1rio come\u00e7a com dois espet\u00e1culos, em coprodu\u00e7\u00e3o com o Centro Dram\u00e1tico de \u00c9vora (Cendrev).<\/p>\n\n\n\n<p>No Teatro da Cerca de S\u00e3o Bernardo s\u00e3o apresentados &#8220;Embarca\u00e7\u00e3o do Inferno&#8221;, estreado em 2016, e &#8220;Floresta de Enganos&#8221;, estreado no m\u00eas de dezembro, em \u00c9vora. Estes dois espet\u00e1culos &#8220;exprimem uma das marcas mais distintivas do repert\u00f3rio da companhia &nbsp;&#8211; a explora\u00e7\u00e3o da obra vicentina&#8221; e o desafio de encontrar &#8220;novas formas para textos antigos&#8221;.<\/p>\n\n\n\n<p>Seguem-se as apresenta\u00e7\u00f5es dos espet\u00e1culos &#8220;Palha\u00e7o velho, precisa-se&#8221;, de Mat\u00e9i Visniec, e &#8220;Cidade, Di\u00e1logos&#8221;, a partir da obra de Gon\u00e7alo M. Tavares.<\/p>\n\n\n\n<p>A Escola da Noite fez o seu primeiro aparecimento p\u00fablico no dia 27 de mar\u00e7o de 1992, com a estreia de &#8220;Amado Monstro&#8221;, de Javier Tomeo.<\/p>\n\n\n\n<p>O ciclo arranca no dia 13 de janeiro, em Coimbra, com a estreia de &#8220;Floresta de Enganos&#8221;.<\/p>\n\n\n\n<p>A pe\u00e7a &#8220;Embarca\u00e7\u00e3o do Inferno&#8221; \u00e9 apresentada de 15 a 27 de fevereiro e &#8220;Palha\u00e7o velho, precisa-se&#8221; de 24 de mar\u00e7o a 3 de abril.<\/p>\n\n\n\n<p>O espet\u00e1culo encerra com &#8220;Cidade, Di\u00e1logos&#8221;, de 14 a 30 de abril. O programa completo de comemora\u00e7\u00f5es dos 30 anos vai alongar-se at\u00e9 dia 27 de mar\u00e7o de 2023.<\/p>\n","protected":false},"excerpt":{"rendered":"<p>A companhia de teatro de Coimbra, A Escola da Noite, arranca o ano de comemora\u00e7\u00f5es de 30 anos de exist\u00eancia<\/p>\n","protected":false},"author":26,"featured_media":14674,"comment_status":"open","ping_status":"open","sticky":false,"template":"","format":"standard","meta":[],"categories":[15],"tags":[4124,4122],"_links":{"self":[{"href":"https:\/\/www1.esev.ipv.pt\/dacomunicacao\/index.php?rest_route=\/wp\/v2\/posts\/14673"}],"collection":[{"href":"https:\/\/www1.esev.ipv.pt\/dacomunicacao\/index.php?rest_route=\/wp\/v2\/posts"}],"about":[{"href":"https:\/\/www1.esev.ipv.pt\/dacomunicacao\/index.php?rest_route=\/wp\/v2\/types\/post"}],"author":[{"embeddable":true,"href":"https:\/\/www1.esev.ipv.pt\/dacomunicacao\/index.php?rest_route=\/wp\/v2\/users\/26"}],"replies":[{"embeddable":true,"href":"https:\/\/www1.esev.ipv.pt\/dacomunicacao\/index.php?rest_route=%2Fwp%2Fv2%2Fcomments&post=14673"}],"version-history":[{"count":1,"href":"https:\/\/www1.esev.ipv.pt\/dacomunicacao\/index.php?rest_route=\/wp\/v2\/posts\/14673\/revisions"}],"predecessor-version":[{"id":14675,"href":"https:\/\/www1.esev.ipv.pt\/dacomunicacao\/index.php?rest_route=\/wp\/v2\/posts\/14673\/revisions\/14675"}],"wp:featuredmedia":[{"embeddable":true,"href":"https:\/\/www1.esev.ipv.pt\/dacomunicacao\/index.php?rest_route=\/wp\/v2\/media\/14674"}],"wp:attachment":[{"href":"https:\/\/www1.esev.ipv.pt\/dacomunicacao\/index.php?rest_route=%2Fwp%2Fv2%2Fmedia&parent=14673"}],"wp:term":[{"taxonomy":"category","embeddable":true,"href":"https:\/\/www1.esev.ipv.pt\/dacomunicacao\/index.php?rest_route=%2Fwp%2Fv2%2Fcategories&post=14673"},{"taxonomy":"post_tag","embeddable":true,"href":"https:\/\/www1.esev.ipv.pt\/dacomunicacao\/index.php?rest_route=%2Fwp%2Fv2%2Ftags&post=14673"}],"curies":[{"name":"wp","href":"https:\/\/api.w.org\/{rel}","templated":true}]}}