{"id":14618,"date":"2022-01-05T19:00:11","date_gmt":"2022-01-05T19:00:11","guid":{"rendered":"https:\/\/www.esev.ipv.pt\/dacomunicacao\/?p=14618"},"modified":"2022-01-05T19:01:28","modified_gmt":"2022-01-05T19:01:28","slug":"nova-posicao-para-guram-gvasalia-na-casa-suica-vetements","status":"publish","type":"post","link":"https:\/\/www1.esev.ipv.pt\/dacomunicacao\/?p=14618","title":{"rendered":"Nova posi\u00e7\u00e3o para Guram Gvasalia na casa su\u00ed\u00e7a Vetements"},"content":{"rendered":"\n<p><strong><em>A marca Vetements (franc\u00eas para roupa) foi lan\u00e7ada em 2014 como marca de luxo em Zurique, Su\u00ed\u00e7a. O designer Demna Gvasalia, que tinha no seu portf\u00f3lio nomes como Maison Margiela, Louis Vuitton e C\u00e9line, juntou-se ao irm\u00e3o, Guram Gvasalia, para fundar a ic\u00f3nica marca. Demna foi apontado como diretor criativo e Guram como CEO.<\/em><\/strong><\/p>\n\n\n\n<p><strong><em>Por Ana Francisca Oliveira<\/em><\/strong><\/p>\n\n\n\n<p>Em 2015, Demna Gvasalia deu mais um passo na sua carreira e come\u00e7ou a trabalhar para a marca Balenciaga, tamb\u00e9m como diretor criativo, deixando Vetements, em 2019, para se focar inteiramente nas cole\u00e7\u00f5es da casa espanhola. Guram Gvasalia continuou encarregue das finan\u00e7as e anunciou no passado dia 15 de dezembro de 2021, que continuaria a desempenhar n\u00e3o s\u00f3 a fun\u00e7\u00e3o de CEO, mas tamb\u00e9m a de diretor criativo.<\/p>\n\n\n\n<p>O designer lan\u00e7ou um <em>statement <\/em>a explicar que foi decis\u00e3o sua de ficar encarregue das duas posi\u00e7\u00f5es, e que acredita que ambas podem viver em harmonia. Confessou tamb\u00e9m que sente que estava na hora de mostrar o seu lado art\u00edstico ao p\u00fablico, afirmando que \u201c<em>podemos mudar a nossa vida com a nossa pr\u00f3pria criatividade e paix\u00e3o<\/em>\u201d.<\/p>\n\n\n\n<p>A primeira cole\u00e7\u00e3o de Guram Gvasalia foi a de outono\/inverno 2022, apresentada a 25 de novembro de 2021. Inclu\u00eda m\u00e1scara faciais com fechos inclu\u00eddos e pe\u00e7as inspiradas pelo cartoon americano \u201cThe Simpsons\u201d.<\/p>\n","protected":false},"excerpt":{"rendered":"<p>A marca Vetements (franc\u00eas para roupa) foi lan\u00e7ada em 2014 como marca de luxo em Zurique, Su\u00ed\u00e7a. O designer Demna<\/p>\n","protected":false},"author":26,"featured_media":14622,"comment_status":"open","ping_status":"open","sticky":false,"template":"","format":"standard","meta":[],"categories":[1],"tags":[4081,4082,4079,4080],"_links":{"self":[{"href":"https:\/\/www1.esev.ipv.pt\/dacomunicacao\/index.php?rest_route=\/wp\/v2\/posts\/14618"}],"collection":[{"href":"https:\/\/www1.esev.ipv.pt\/dacomunicacao\/index.php?rest_route=\/wp\/v2\/posts"}],"about":[{"href":"https:\/\/www1.esev.ipv.pt\/dacomunicacao\/index.php?rest_route=\/wp\/v2\/types\/post"}],"author":[{"embeddable":true,"href":"https:\/\/www1.esev.ipv.pt\/dacomunicacao\/index.php?rest_route=\/wp\/v2\/users\/26"}],"replies":[{"embeddable":true,"href":"https:\/\/www1.esev.ipv.pt\/dacomunicacao\/index.php?rest_route=%2Fwp%2Fv2%2Fcomments&post=14618"}],"version-history":[{"count":1,"href":"https:\/\/www1.esev.ipv.pt\/dacomunicacao\/index.php?rest_route=\/wp\/v2\/posts\/14618\/revisions"}],"predecessor-version":[{"id":14621,"href":"https:\/\/www1.esev.ipv.pt\/dacomunicacao\/index.php?rest_route=\/wp\/v2\/posts\/14618\/revisions\/14621"}],"wp:featuredmedia":[{"embeddable":true,"href":"https:\/\/www1.esev.ipv.pt\/dacomunicacao\/index.php?rest_route=\/wp\/v2\/media\/14622"}],"wp:attachment":[{"href":"https:\/\/www1.esev.ipv.pt\/dacomunicacao\/index.php?rest_route=%2Fwp%2Fv2%2Fmedia&parent=14618"}],"wp:term":[{"taxonomy":"category","embeddable":true,"href":"https:\/\/www1.esev.ipv.pt\/dacomunicacao\/index.php?rest_route=%2Fwp%2Fv2%2Fcategories&post=14618"},{"taxonomy":"post_tag","embeddable":true,"href":"https:\/\/www1.esev.ipv.pt\/dacomunicacao\/index.php?rest_route=%2Fwp%2Fv2%2Ftags&post=14618"}],"curies":[{"name":"wp","href":"https:\/\/api.w.org\/{rel}","templated":true}]}}