{"id":14592,"date":"2021-12-29T19:29:31","date_gmt":"2021-12-29T19:29:31","guid":{"rendered":"https:\/\/www.esev.ipv.pt\/dacomunicacao\/?p=14592"},"modified":"2021-12-29T19:29:34","modified_gmt":"2021-12-29T19:29:34","slug":"nelson-verissimo-subsistiu-jorge-jesus-no-comando-tecnico-do-benfica","status":"publish","type":"post","link":"https:\/\/www1.esev.ipv.pt\/dacomunicacao\/?p=14592","title":{"rendered":"N\u00e9lson Ver\u00edssimo subsistiu Jorge Jesus no comando t\u00e9cnico do Benfica"},"content":{"rendered":"\n<p><strong><em>Em comunicado oficial, o clube da Luz confirmou a rescis\u00e3o do contrato com o t\u00e9cnico Jorge Jesus. N\u00e9lson Ver\u00edssimo, t\u00e9cnico da equipa B vai liderar a equipa at\u00e9 ao final da \u00e9poca.<\/em><\/strong><\/p>\n\n\n\n<p><strong><em>Por T\u00e2nia Chaves<\/em><\/strong><\/p>\n\n\n\n<p>A dois dias do cl\u00e1ssico no Drag\u00e3o, N\u00e9lson Ver\u00edssimo que se encontrava em Aveiro com a equipa B, foi chamado de urg\u00eancia na manh\u00e3 de ter\u00e7a-feira (28). O t\u00e9cnico interino assumiu o comando do plantel encarnado ap\u00f3s declara\u00e7\u00f5es dadas \u00e0 imprensa, por parte de Rui Costa e Jorge Jesus na tarde de ter\u00e7a\u2013feira.<\/p>\n\n\n\n<p>A revolta entre jogadores e treinador levou a SAD benfiquista a tomar uma decis\u00e3o antes do confronto do FC Porto. Jorge Jesus n\u00e3o orientou o treino matinal dos encarnados.<\/p>\n","protected":false},"excerpt":{"rendered":"<p>Em comunicado oficial, o clube da Luz confirmou a rescis\u00e3o do contrato com o t\u00e9cnico Jorge Jesus. N\u00e9lson Ver\u00edssimo, t\u00e9cnico<\/p>\n","protected":false},"author":4,"featured_media":14593,"comment_status":"open","ping_status":"open","sticky":false,"template":"","format":"standard","meta":[],"categories":[13],"tags":[230,530,4069],"_links":{"self":[{"href":"https:\/\/www1.esev.ipv.pt\/dacomunicacao\/index.php?rest_route=\/wp\/v2\/posts\/14592"}],"collection":[{"href":"https:\/\/www1.esev.ipv.pt\/dacomunicacao\/index.php?rest_route=\/wp\/v2\/posts"}],"about":[{"href":"https:\/\/www1.esev.ipv.pt\/dacomunicacao\/index.php?rest_route=\/wp\/v2\/types\/post"}],"author":[{"embeddable":true,"href":"https:\/\/www1.esev.ipv.pt\/dacomunicacao\/index.php?rest_route=\/wp\/v2\/users\/4"}],"replies":[{"embeddable":true,"href":"https:\/\/www1.esev.ipv.pt\/dacomunicacao\/index.php?rest_route=%2Fwp%2Fv2%2Fcomments&post=14592"}],"version-history":[{"count":1,"href":"https:\/\/www1.esev.ipv.pt\/dacomunicacao\/index.php?rest_route=\/wp\/v2\/posts\/14592\/revisions"}],"predecessor-version":[{"id":14594,"href":"https:\/\/www1.esev.ipv.pt\/dacomunicacao\/index.php?rest_route=\/wp\/v2\/posts\/14592\/revisions\/14594"}],"wp:featuredmedia":[{"embeddable":true,"href":"https:\/\/www1.esev.ipv.pt\/dacomunicacao\/index.php?rest_route=\/wp\/v2\/media\/14593"}],"wp:attachment":[{"href":"https:\/\/www1.esev.ipv.pt\/dacomunicacao\/index.php?rest_route=%2Fwp%2Fv2%2Fmedia&parent=14592"}],"wp:term":[{"taxonomy":"category","embeddable":true,"href":"https:\/\/www1.esev.ipv.pt\/dacomunicacao\/index.php?rest_route=%2Fwp%2Fv2%2Fcategories&post=14592"},{"taxonomy":"post_tag","embeddable":true,"href":"https:\/\/www1.esev.ipv.pt\/dacomunicacao\/index.php?rest_route=%2Fwp%2Fv2%2Ftags&post=14592"}],"curies":[{"name":"wp","href":"https:\/\/api.w.org\/{rel}","templated":true}]}}