{"id":14563,"date":"2021-12-17T18:38:19","date_gmt":"2021-12-17T18:38:19","guid":{"rendered":"https:\/\/www.esev.ipv.pt\/dacomunicacao\/?p=14563"},"modified":"2021-12-17T18:42:21","modified_gmt":"2021-12-17T18:42:21","slug":"museu-do-quartzo-recebe-fossil-milenar-doado-por-galopim-de-carvalho","status":"publish","type":"post","link":"https:\/\/www1.esev.ipv.pt\/dacomunicacao\/?p=14563","title":{"rendered":"Museu do Quartzo recebe f\u00f3ssil milenar doado por Galopim de Carvalho"},"content":{"rendered":"\n<p><strong>No dia 15 de dezembro, o Museu do Quartzo \u2013 Centro de Interpreta\u00e7\u00e3o Prof. Ant\u00f3nio Galopim de Carvalho recebeu uma doa\u00e7\u00e3o especial daquele que foi o seu mentor \u2013 Galopim de Carvalho. \u00a0<\/strong><\/p>\n\n\n\n<p><em>Por Ana Sofia Sim\u00e3o e Let\u00edcia Silva<\/em><\/p>\n\n\n\n<p>Em causa est\u00e1 uma pe\u00e7a de madeira petrificada por calced\u00f3nia, denominada&nbsp;<em>Araucarioxylon arizonicum<\/em>. Este f\u00f3ssil possui cerca de 75 cent\u00edmetros de di\u00e2metro por 3 cent\u00edmetros de espessura e conta com, aproximadamente, 225 milh\u00f5es de anos (do per\u00edodo geol\u00f3gico Tri\u00e1sico). Oriunda do Petrified Forest National Park, no estado do Arizona (EUA), este f\u00f3ssil faz agora parte da cole\u00e7\u00e3o do Museu Municipal.<\/p>\n\n\n\n<p>O Professor Galopim de Carvalho \u00e9 um c\u00e9lebre especialista na \u00e1rea da Geologia, que esteve na origem e desenvolvimento do Museu do Quartzo.<\/p>\n\n\n\n<p>A oferta deste f\u00f3ssil surgiu com o intuito de disponibilizar ao p\u00fablico uma pe\u00e7a da sua cole\u00e7\u00e3o pessoal, permitindo assim a divulga\u00e7\u00e3o de conhecimento relevante sobre estudos relativos \u00e0 mineralogia\/geologia e, eventualmente, de paleontologia, consistindo num atrativo adicional para investigadores interessados em explorar as cole\u00e7\u00f5es em reserva.<\/p>\n","protected":false},"excerpt":{"rendered":"<p>No dia 15 de dezembro, o Museu do Quartzo \u2013 Centro de Interpreta\u00e7\u00e3o Prof. Ant\u00f3nio Galopim de Carvalho recebeu uma<\/p>\n","protected":false},"author":24,"featured_media":14564,"comment_status":"open","ping_status":"open","sticky":false,"template":"","format":"standard","meta":[],"categories":[462],"tags":[4066,4067,1417],"_links":{"self":[{"href":"https:\/\/www1.esev.ipv.pt\/dacomunicacao\/index.php?rest_route=\/wp\/v2\/posts\/14563"}],"collection":[{"href":"https:\/\/www1.esev.ipv.pt\/dacomunicacao\/index.php?rest_route=\/wp\/v2\/posts"}],"about":[{"href":"https:\/\/www1.esev.ipv.pt\/dacomunicacao\/index.php?rest_route=\/wp\/v2\/types\/post"}],"author":[{"embeddable":true,"href":"https:\/\/www1.esev.ipv.pt\/dacomunicacao\/index.php?rest_route=\/wp\/v2\/users\/24"}],"replies":[{"embeddable":true,"href":"https:\/\/www1.esev.ipv.pt\/dacomunicacao\/index.php?rest_route=%2Fwp%2Fv2%2Fcomments&post=14563"}],"version-history":[{"count":2,"href":"https:\/\/www1.esev.ipv.pt\/dacomunicacao\/index.php?rest_route=\/wp\/v2\/posts\/14563\/revisions"}],"predecessor-version":[{"id":14569,"href":"https:\/\/www1.esev.ipv.pt\/dacomunicacao\/index.php?rest_route=\/wp\/v2\/posts\/14563\/revisions\/14569"}],"wp:featuredmedia":[{"embeddable":true,"href":"https:\/\/www1.esev.ipv.pt\/dacomunicacao\/index.php?rest_route=\/wp\/v2\/media\/14564"}],"wp:attachment":[{"href":"https:\/\/www1.esev.ipv.pt\/dacomunicacao\/index.php?rest_route=%2Fwp%2Fv2%2Fmedia&parent=14563"}],"wp:term":[{"taxonomy":"category","embeddable":true,"href":"https:\/\/www1.esev.ipv.pt\/dacomunicacao\/index.php?rest_route=%2Fwp%2Fv2%2Fcategories&post=14563"},{"taxonomy":"post_tag","embeddable":true,"href":"https:\/\/www1.esev.ipv.pt\/dacomunicacao\/index.php?rest_route=%2Fwp%2Fv2%2Ftags&post=14563"}],"curies":[{"name":"wp","href":"https:\/\/api.w.org\/{rel}","templated":true}]}}