{"id":14529,"date":"2021-12-15T15:47:44","date_gmt":"2021-12-15T15:47:44","guid":{"rendered":"https:\/\/www.esev.ipv.pt\/dacomunicacao\/?p=14529"},"modified":"2021-12-15T15:47:45","modified_gmt":"2021-12-15T15:47:45","slug":"albuns-de-jose-afonso-reeditados-em-cd-e-vinil-para-celebrar-o-seu-92-o-aniversario","status":"publish","type":"post","link":"https:\/\/www1.esev.ipv.pt\/dacomunicacao\/?p=14529","title":{"rendered":"\u00c1lbuns de Jos\u00e9 Afonso reeditados em cd e vinil para celebrar o seu 92.\u00ba anivers\u00e1rio"},"content":{"rendered":"\n<p><strong><em>Os \u00e1lbuns de Jos\u00e9 Afonso come\u00e7aram a ser reeditados em outubro do presente ano para celebrar o seu 92\u00ba anivers\u00e1rio. O an\u00fancio foi feito pela editora Lusitanian Music. A reedi\u00e7\u00e3o, ser\u00e1 feita em CD e em vinil.<\/em><\/strong><\/p>\n\n\n\n<p><strong>Por Marco Sousa<\/strong><\/p>\n\n\n\n<p>O primeiro \u00e1lbum a ser reeditado foi <em>Cantares do Andarilho<\/em>, lan\u00e7ado pela primeira vez em 1968. A nova vers\u00e3o em CD foi disponibilizada a 1 de outubro e o \u00e1lbum est\u00e1 agora tamb\u00e9m presente nas plataformas digitais. <em>Contos Velhos Rumos Novos<\/em>, foi apresentado a 29 de outubro e no dia 26 de novembro foi a vez de <em>Traz Outro Amigo Tamb\u00e9m<\/em> ganhar uma nova edi\u00e7\u00e3o. As vers\u00f5es em vinil \u201cdos tr\u00eas \u00e1lbuns ser\u00e3o editados a 26 de novembro em consequ\u00eancia dos atrasos globais no fabrico deste formato\u201d, refere a editora. &nbsp;&nbsp;<\/p>\n\n\n\n<p>Os tr\u00eas \u00e1lbuns j\u00e1 se encontram \u00e0 venda e podem ser adquiridos no site e lojas FNAC. A editora revelou ainda que \u201co pr\u00f3ximo ciclo editorial continuar\u00e1 em 2022\u201d. Este projeto contempla a edi\u00e7\u00e3o de alguns singles nas plataformas digitais, que ir\u00e3o anteceder a edi\u00e7\u00e3o dos pr\u00f3ximos \u00e1lbuns e ser\u00e3o a forma de divulga\u00e7\u00e3o das can\u00e7\u00f5es de Jos\u00e9 Afonso junto dos novos p\u00fablicos.<\/p>\n\n\n\n<p>\u201cA fam\u00edlia de Jos\u00e9 Afonso decidiu, em parceria com a editora Lusitanian Music, avan\u00e7ar com a edi\u00e7\u00e3o dos 11 \u00e1lbuns de Jos\u00e9 Afonso originalmente editados entre 1968 e 1981, mas indispon\u00edveis h\u00e1 v\u00e1rios anos, assumindo a import\u00e2ncia cultural de disponibilizar esta m\u00fasica ao mundo\u201d, refere a editora em comunicado.&nbsp; &nbsp;<\/p>\n","protected":false},"excerpt":{"rendered":"<p>Os \u00e1lbuns de Jos\u00e9 Afonso come\u00e7aram a ser reeditados em outubro do presente ano para celebrar o seu 92\u00ba anivers\u00e1rio.<\/p>\n","protected":false},"author":23,"featured_media":14533,"comment_status":"open","ping_status":"open","sticky":false,"template":"","format":"standard","meta":[],"categories":[15],"tags":[4056,4053,4054,4055],"_links":{"self":[{"href":"https:\/\/www1.esev.ipv.pt\/dacomunicacao\/index.php?rest_route=\/wp\/v2\/posts\/14529"}],"collection":[{"href":"https:\/\/www1.esev.ipv.pt\/dacomunicacao\/index.php?rest_route=\/wp\/v2\/posts"}],"about":[{"href":"https:\/\/www1.esev.ipv.pt\/dacomunicacao\/index.php?rest_route=\/wp\/v2\/types\/post"}],"author":[{"embeddable":true,"href":"https:\/\/www1.esev.ipv.pt\/dacomunicacao\/index.php?rest_route=\/wp\/v2\/users\/23"}],"replies":[{"embeddable":true,"href":"https:\/\/www1.esev.ipv.pt\/dacomunicacao\/index.php?rest_route=%2Fwp%2Fv2%2Fcomments&post=14529"}],"version-history":[{"count":2,"href":"https:\/\/www1.esev.ipv.pt\/dacomunicacao\/index.php?rest_route=\/wp\/v2\/posts\/14529\/revisions"}],"predecessor-version":[{"id":14537,"href":"https:\/\/www1.esev.ipv.pt\/dacomunicacao\/index.php?rest_route=\/wp\/v2\/posts\/14529\/revisions\/14537"}],"wp:featuredmedia":[{"embeddable":true,"href":"https:\/\/www1.esev.ipv.pt\/dacomunicacao\/index.php?rest_route=\/wp\/v2\/media\/14533"}],"wp:attachment":[{"href":"https:\/\/www1.esev.ipv.pt\/dacomunicacao\/index.php?rest_route=%2Fwp%2Fv2%2Fmedia&parent=14529"}],"wp:term":[{"taxonomy":"category","embeddable":true,"href":"https:\/\/www1.esev.ipv.pt\/dacomunicacao\/index.php?rest_route=%2Fwp%2Fv2%2Fcategories&post=14529"},{"taxonomy":"post_tag","embeddable":true,"href":"https:\/\/www1.esev.ipv.pt\/dacomunicacao\/index.php?rest_route=%2Fwp%2Fv2%2Ftags&post=14529"}],"curies":[{"name":"wp","href":"https:\/\/api.w.org\/{rel}","templated":true}]}}