{"id":14230,"date":"2021-11-30T16:58:54","date_gmt":"2021-11-30T16:58:54","guid":{"rendered":"https:\/\/www.esev.ipv.pt\/dacomunicacao\/?p=14230"},"modified":"2021-11-30T16:58:55","modified_gmt":"2021-11-30T16:58:55","slug":"aldeias-historicas-de-portugal-distinguidas-em-espanha-como-melhor-destino-portugues","status":"publish","type":"post","link":"https:\/\/www1.esev.ipv.pt\/dacomunicacao\/?p=14230","title":{"rendered":"Aldeias Hist\u00f3ricas de Portugal distinguidas em Espanha como melhor destino portugu\u00eas"},"content":{"rendered":"\n<p><strong><em>Na sexta edi\u00e7\u00e3o dos pr\u00e9mios \u201cGente Viajera la Turismo Extreme\u00f1o\u201d, as Aldeias Hist\u00f3ricas de Portugal foram distinguidas com o pr\u00e9mio de \u201cTurismo Portugu\u00eas\u201d. Estes pr\u00e9mios s\u00e3o promovidos pela r\u00e1dio espanhola Onda Cero Extremadura.<\/em><\/strong><\/p>\n\n\n\n<p><em>Por Mariana Fernandes<\/em><\/p>\n\n\n\n<p>A atribui\u00e7\u00e3o deste pr\u00e9mio tem como objetivo reconhecer o valor do turismo e a profissionaliza\u00e7\u00e3o do setor que tem cada vez mais peso na economia. Os premiados s\u00e3o selecionados por um comit\u00e9 composto por especialistas da \u00e1rea.<\/p>\n\n\n\n<p>A edi\u00e7\u00e3o que reconheceu as Aldeias Hist\u00f3ricas de Portugal como o melhor destino portugu\u00eas decorreu no Complejo Cultural de San Francisco, em C\u00e1rceres.<\/p>\n\n\n\n<p>Ap\u00f3s o novo filme promocional ter recebido o pr\u00e9mio de Melhor Filme de Turismo do Mundo, nos \u201cWorld\u2019s Best Tourism Film Awards \u2013 CIFFT Circuit\u201d e do mesmo ter recebido o pr\u00e9mio de ouro no Festival Internacional de Cinema de Turismo de \u00c1frica, conquistou tamb\u00e9m a prata no Festival Internacional de Cinema de Turismo, em Capad\u00f3cia, na Turquia (ambos na categoria de Produtos Tur\u00edsticos). O destino portugu\u00eas recebe mais uma distin\u00e7\u00e3o e, desta vez, de \u201cTurismo de Portugal\u201d nos pr\u00e9mios espanh\u00f3is \u201cGente Viajera la Turismo Extreme\u00f1o\u201d.<\/p>\n\n\n\n<p>Salientar que as Aldeias Hist\u00f3ricas de Portugal foram o primeiro destino em rede, \u00e0 escala mundial, e o primeiro destino nacional a receber a certifica\u00e7\u00e3o de BIOSPHERE DESTINATION.<\/p>\n","protected":false},"excerpt":{"rendered":"<p>Na sexta edi\u00e7\u00e3o dos pr\u00e9mios \u201cGente Viajera la Turismo Extreme\u00f1o\u201d, as Aldeias Hist\u00f3ricas de Portugal foram distinguidas com o pr\u00e9mio<\/p>\n","protected":false},"author":22,"featured_media":14231,"comment_status":"open","ping_status":"open","sticky":false,"template":"","format":"standard","meta":[],"categories":[15,462],"tags":[],"_links":{"self":[{"href":"https:\/\/www1.esev.ipv.pt\/dacomunicacao\/index.php?rest_route=\/wp\/v2\/posts\/14230"}],"collection":[{"href":"https:\/\/www1.esev.ipv.pt\/dacomunicacao\/index.php?rest_route=\/wp\/v2\/posts"}],"about":[{"href":"https:\/\/www1.esev.ipv.pt\/dacomunicacao\/index.php?rest_route=\/wp\/v2\/types\/post"}],"author":[{"embeddable":true,"href":"https:\/\/www1.esev.ipv.pt\/dacomunicacao\/index.php?rest_route=\/wp\/v2\/users\/22"}],"replies":[{"embeddable":true,"href":"https:\/\/www1.esev.ipv.pt\/dacomunicacao\/index.php?rest_route=%2Fwp%2Fv2%2Fcomments&post=14230"}],"version-history":[{"count":1,"href":"https:\/\/www1.esev.ipv.pt\/dacomunicacao\/index.php?rest_route=\/wp\/v2\/posts\/14230\/revisions"}],"predecessor-version":[{"id":14232,"href":"https:\/\/www1.esev.ipv.pt\/dacomunicacao\/index.php?rest_route=\/wp\/v2\/posts\/14230\/revisions\/14232"}],"wp:featuredmedia":[{"embeddable":true,"href":"https:\/\/www1.esev.ipv.pt\/dacomunicacao\/index.php?rest_route=\/wp\/v2\/media\/14231"}],"wp:attachment":[{"href":"https:\/\/www1.esev.ipv.pt\/dacomunicacao\/index.php?rest_route=%2Fwp%2Fv2%2Fmedia&parent=14230"}],"wp:term":[{"taxonomy":"category","embeddable":true,"href":"https:\/\/www1.esev.ipv.pt\/dacomunicacao\/index.php?rest_route=%2Fwp%2Fv2%2Fcategories&post=14230"},{"taxonomy":"post_tag","embeddable":true,"href":"https:\/\/www1.esev.ipv.pt\/dacomunicacao\/index.php?rest_route=%2Fwp%2Fv2%2Ftags&post=14230"}],"curies":[{"name":"wp","href":"https:\/\/api.w.org\/{rel}","templated":true}]}}