{"id":14029,"date":"2021-11-16T13:50:41","date_gmt":"2021-11-16T13:50:41","guid":{"rendered":"https:\/\/www.esev.ipv.pt\/dacomunicacao\/?p=14029"},"modified":"2021-11-16T13:50:42","modified_gmt":"2021-11-16T13:50:42","slug":"rafaela-azevedo-bate-recordes-nacionais-no-vii-encontro-internacional-do-algarve","status":"publish","type":"post","link":"https:\/\/www1.esev.ipv.pt\/dacomunicacao\/?p=14029","title":{"rendered":"Rafaela Azevedo bate recordes nacionais no VII Encontro Internacional do Algarve"},"content":{"rendered":"\n<p><strong><em>Durante o fim de semana (12 a 14 de novembro), Rafaela Azevedo bateu, no VII Encontro Internacional do Algarve, os recordes nacionais dos 50 e 100 metros costas, melhorando as marcas que a pr\u00f3pria havia estabelecido em 2019.<\/em><\/strong><\/p>\n\n\n\n<p><strong><em>Por Kevin Santos<\/em><\/strong><\/p>\n\n\n\n<p>A atleta que defende o Sport Alg\u00e9s e Dafundo percorreu os 100 metros em 58,39 segundos, melhorando o recorde em 26 cent\u00e9simos, um dia depois de melhorar o m\u00e1ximo nacional dos 50 metros costas, com um tempo de 27,33 segundos.<\/p>\n\n\n\n<p>Durante a competi\u00e7\u00e3o realizada nas Piscinas Municipais de Albufeira, destaque ainda para Carolina Fernandes, que estipulou um novo recorde nacional j\u00fanior dos 50 metros livres, com 25,42 segundos, e Ana Guedes, que igualou o recorde nacional dos 50 metros mariposa, com 26,38 segundos.<\/p>\n\n\n\n<p>A s\u00e9tima edi\u00e7\u00e3o do VII Encontro Internacional do Algarve, uma das competi\u00e7\u00f5es mais relevantes do calend\u00e1rio nacional de nata\u00e7\u00e3o, decorreu entre os dias 12 (sexta-feira) e 14 de novembro (domingo), em Albufeira.<\/p>\n\n\n\n<p>Depois do interregno de um ano, devido \u00e0 pandemia, o evento, que decorreu em piscina curta (25 metros), regressou com 220 nadadores, 48 clubes e um formato de eliminat\u00f3rias, finais e finais diretas em regime de absolutos em cinco sess\u00f5es.<\/p>\n\n\n\n<p>A prova foi organizada pela Associa\u00e7\u00e3o de Nata\u00e7\u00e3o do Algarve (ANALGARVE), com o apoio da Federa\u00e7\u00e3o Portuguesa de Nata\u00e7\u00e3o (FPN), do Futebol Clube de Ferreiras e da C\u00e2mara Municipal de Albufeira.<\/p>\n","protected":false},"excerpt":{"rendered":"<p>Durante o fim de semana (12 a 14 de novembro), Rafaela Azevedo bateu, no VII Encontro Internacional do Algarve, os<\/p>\n","protected":false},"author":20,"featured_media":14031,"comment_status":"open","ping_status":"open","sticky":false,"template":"","format":"standard","meta":[],"categories":[13],"tags":[3873,1434,3874,930,3870,3871],"_links":{"self":[{"href":"https:\/\/www1.esev.ipv.pt\/dacomunicacao\/index.php?rest_route=\/wp\/v2\/posts\/14029"}],"collection":[{"href":"https:\/\/www1.esev.ipv.pt\/dacomunicacao\/index.php?rest_route=\/wp\/v2\/posts"}],"about":[{"href":"https:\/\/www1.esev.ipv.pt\/dacomunicacao\/index.php?rest_route=\/wp\/v2\/types\/post"}],"author":[{"embeddable":true,"href":"https:\/\/www1.esev.ipv.pt\/dacomunicacao\/index.php?rest_route=\/wp\/v2\/users\/20"}],"replies":[{"embeddable":true,"href":"https:\/\/www1.esev.ipv.pt\/dacomunicacao\/index.php?rest_route=%2Fwp%2Fv2%2Fcomments&post=14029"}],"version-history":[{"count":1,"href":"https:\/\/www1.esev.ipv.pt\/dacomunicacao\/index.php?rest_route=\/wp\/v2\/posts\/14029\/revisions"}],"predecessor-version":[{"id":14032,"href":"https:\/\/www1.esev.ipv.pt\/dacomunicacao\/index.php?rest_route=\/wp\/v2\/posts\/14029\/revisions\/14032"}],"wp:featuredmedia":[{"embeddable":true,"href":"https:\/\/www1.esev.ipv.pt\/dacomunicacao\/index.php?rest_route=\/wp\/v2\/media\/14031"}],"wp:attachment":[{"href":"https:\/\/www1.esev.ipv.pt\/dacomunicacao\/index.php?rest_route=%2Fwp%2Fv2%2Fmedia&parent=14029"}],"wp:term":[{"taxonomy":"category","embeddable":true,"href":"https:\/\/www1.esev.ipv.pt\/dacomunicacao\/index.php?rest_route=%2Fwp%2Fv2%2Fcategories&post=14029"},{"taxonomy":"post_tag","embeddable":true,"href":"https:\/\/www1.esev.ipv.pt\/dacomunicacao\/index.php?rest_route=%2Fwp%2Fv2%2Ftags&post=14029"}],"curies":[{"name":"wp","href":"https:\/\/api.w.org\/{rel}","templated":true}]}}