{"id":13490,"date":"2021-07-12T11:14:27","date_gmt":"2021-07-12T11:14:27","guid":{"rendered":"https:\/\/www.esev.ipv.pt\/dacomunicacao\/?p=13490"},"modified":"2021-07-12T11:14:28","modified_gmt":"2021-07-12T11:14:28","slug":"cim-viseu-dao-lafoes-lanca-guia-de-oferta-turistica-suportado-na-campanha-o-verao-e-aqui","status":"publish","type":"post","link":"https:\/\/www1.esev.ipv.pt\/dacomunicacao\/?p=13490","title":{"rendered":"CIM Viseu D\u00e3o Laf\u00f5es Lan\u00e7a Guia de Oferta Tur\u00edstica suportado na campanha &#8220;O ver\u00e3o \u00e9 aqui!&#8221;"},"content":{"rendered":"\n<p><strong><em>Para refor\u00e7ar e dar continuidade \u00e0 campanha \u201cO ver\u00e3o \u00e9 aqui!\u201d, que promove o territ\u00f3rio enquanto destino tur\u00edstico de excel\u00eancia e seguro, a Comunidade Intermunicipal (CIM) Viseu D\u00e3o Laf\u00f5es apresenta o Guia de Oferta Tur\u00edstica 2021.<\/em><\/strong><\/p>\n\n\n\n<p><strong>Por Mariana Loureiro<\/strong><\/p>\n\n\n\n<p>Destinado a visitantes, turistas e todos aqueles que pretendam explorar Viseu D\u00e3o Laf\u00f5es, o Guia de Oferta Tur\u00edstica 2021 assume-se como o \u201croteiro ideal\u201d para quem procura descobrir a oferta tur\u00edstica regional, independentemente do or\u00e7amento ou do motivo da estadia. O guia digital d\u00e1 a conhecer, de forma estruturada, a mais relevante informa\u00e7\u00e3o relativa \u00e0 oferta tur\u00edstica no territ\u00f3rio da CIM, apresentando temas como &#8220;Termas&#8221;, &#8220;Atividades e Anima\u00e7\u00e3o&#8221; e &#8220;Artesanato e Gastronomia&#8221;.<\/p>\n\n\n\n<p>&#8220;A CIM realizou uma forte aposta na estrutura\u00e7\u00e3o dos seus produtos tur\u00edsticos, a comunica\u00e7\u00e3o da nossa oferta, seja no espa\u00e7o digital ou noutros formatos, \u00e9 uma parte fundamental dessa estrat\u00e9gia que tem contribu\u00eddo decisivamente para afirma\u00e7\u00e3o do territ\u00f3rio, enquanto destino tur\u00edstico de excel\u00eancia, junto de novos p\u00fablicos\u201d, declara Nuno Martinho, secret\u00e1rio executivo da CIM Viseu D\u00e3o Laf\u00f5es.<\/p>\n\n\n\n<p>O secret\u00e1rio executivo conclui que, &#8220;\u00e0 semelhan\u00e7a de campanhas anteriores, pretende-se que este guia seja mais um convite aberto para que todos descubram a qualidade da oferta hoteleira e, em consequ\u00eancia dessa descoberta, se aventurem, de um modo mais intenso, naquilo que a Regi\u00e3o Viseu D\u00e3o Laf\u00f5es tem para oferecer&#8221;.<\/p>\n\n\n\n<p>Com esta nova publica\u00e7\u00e3o, a CIM Viseu D\u00e3o Laf\u00f5es volta a sugerir a regi\u00e3o como a op\u00e7\u00e3o segura para as &#8220;escapadinhas&#8221; e f\u00e9rias de ver\u00e3o dos amantes da natureza, dos apaixonados da gastronomia e vinhos, do p\u00fablico familiar e dos f\u00e3s das propostas de sa\u00fade e bem-estar das est\u00e2ncias termais.<\/p>\n\n\n\n<p>Pode aceder ao guia, de forma&nbsp;gratuita,&nbsp;em:&nbsp;<a href=\"https:\/\/www.visitviseudaolafoes.pt\/guia-2021\/\" target=\"_blank\" rel=\"noreferrer noopener\">Guia Tur\u00edstico 2021 \u2013 Turismo Viseu D\u00e3o Laf\u00f5es (visitviseudaolafoes.pt)<\/a><\/p>\n","protected":false},"excerpt":{"rendered":"<p>Para refor\u00e7ar e dar continuidade \u00e0 campanha \u201cO ver\u00e3o \u00e9 aqui!\u201d, que promove o territ\u00f3rio enquanto destino tur\u00edstico de excel\u00eancia<\/p>\n","protected":false},"author":4,"featured_media":13491,"comment_status":"open","ping_status":"open","sticky":false,"template":"","format":"standard","meta":[],"categories":[462,11],"tags":[1981,153],"_links":{"self":[{"href":"https:\/\/www1.esev.ipv.pt\/dacomunicacao\/index.php?rest_route=\/wp\/v2\/posts\/13490"}],"collection":[{"href":"https:\/\/www1.esev.ipv.pt\/dacomunicacao\/index.php?rest_route=\/wp\/v2\/posts"}],"about":[{"href":"https:\/\/www1.esev.ipv.pt\/dacomunicacao\/index.php?rest_route=\/wp\/v2\/types\/post"}],"author":[{"embeddable":true,"href":"https:\/\/www1.esev.ipv.pt\/dacomunicacao\/index.php?rest_route=\/wp\/v2\/users\/4"}],"replies":[{"embeddable":true,"href":"https:\/\/www1.esev.ipv.pt\/dacomunicacao\/index.php?rest_route=%2Fwp%2Fv2%2Fcomments&post=13490"}],"version-history":[{"count":1,"href":"https:\/\/www1.esev.ipv.pt\/dacomunicacao\/index.php?rest_route=\/wp\/v2\/posts\/13490\/revisions"}],"predecessor-version":[{"id":13492,"href":"https:\/\/www1.esev.ipv.pt\/dacomunicacao\/index.php?rest_route=\/wp\/v2\/posts\/13490\/revisions\/13492"}],"wp:featuredmedia":[{"embeddable":true,"href":"https:\/\/www1.esev.ipv.pt\/dacomunicacao\/index.php?rest_route=\/wp\/v2\/media\/13491"}],"wp:attachment":[{"href":"https:\/\/www1.esev.ipv.pt\/dacomunicacao\/index.php?rest_route=%2Fwp%2Fv2%2Fmedia&parent=13490"}],"wp:term":[{"taxonomy":"category","embeddable":true,"href":"https:\/\/www1.esev.ipv.pt\/dacomunicacao\/index.php?rest_route=%2Fwp%2Fv2%2Fcategories&post=13490"},{"taxonomy":"post_tag","embeddable":true,"href":"https:\/\/www1.esev.ipv.pt\/dacomunicacao\/index.php?rest_route=%2Fwp%2Fv2%2Ftags&post=13490"}],"curies":[{"name":"wp","href":"https:\/\/api.w.org\/{rel}","templated":true}]}}