{"id":13235,"date":"2021-06-08T11:07:56","date_gmt":"2021-06-08T11:07:56","guid":{"rendered":"https:\/\/www.esev.ipv.pt\/dacomunicacao\/?p=13235"},"modified":"2021-06-08T11:07:58","modified_gmt":"2021-06-08T11:07:58","slug":"viseu-acolhe-exposicao-itinerante-de-sensibilizacao-ambiental","status":"publish","type":"post","link":"https:\/\/www1.esev.ipv.pt\/dacomunicacao\/?p=13235","title":{"rendered":"Viseu acolhe exposi\u00e7\u00e3o itinerante de sensibiliza\u00e7\u00e3o ambiental"},"content":{"rendered":"\n<p><strong><em>Na passada sexta-feira, dia 4 de junho, teve lugar na Quinta da Cruz \u2013 Centro de Arte Contempor\u00e2nea de Viseu, a inaugura\u00e7\u00e3o da exposi\u00e7\u00e3o itinerante \u201cO Futuro \u00e9 Amanh\u00e3!\u201d. A sess\u00e3o contou com a presen\u00e7a de Nuno Martinho, secret\u00e1rio executivo da Comunidade Intermunicipal (CIM) Viseu D\u00e3o Laf\u00f5es, e Concei\u00e7\u00e3o Azevedo, presidente da C\u00e2mara Municipal de Viseu.<\/em><\/strong><\/p>\n\n\n\n<p><strong>Por Lu\u00eds Silva<\/strong><\/p>\n\n\n\n<figure class=\"wp-block-image size-large\"><img loading=\"lazy\" width=\"1024\" height=\"682\" src=\"https:\/\/www.esev.ipv.pt\/dacomunicacao\/wp-content\/uploads\/2021\/06\/195093515_183014657082984_4639171862270582124_n-1-1024x682.jpg\" alt=\"\" class=\"wp-image-13237\" srcset=\"https:\/\/www1.esev.ipv.pt\/dacomunicacao\/wp-content\/uploads\/2021\/06\/195093515_183014657082984_4639171862270582124_n-1-1024x682.jpg 1024w, https:\/\/www1.esev.ipv.pt\/dacomunicacao\/wp-content\/uploads\/2021\/06\/195093515_183014657082984_4639171862270582124_n-1-300x200.jpg 300w, https:\/\/www1.esev.ipv.pt\/dacomunicacao\/wp-content\/uploads\/2021\/06\/195093515_183014657082984_4639171862270582124_n-1-768x512.jpg 768w, https:\/\/www1.esev.ipv.pt\/dacomunicacao\/wp-content\/uploads\/2021\/06\/195093515_183014657082984_4639171862270582124_n-1-1536x1024.jpg 1536w, https:\/\/www1.esev.ipv.pt\/dacomunicacao\/wp-content\/uploads\/2021\/06\/195093515_183014657082984_4639171862270582124_n-1-2048x1365.jpg 2048w\" sizes=\"(max-width: 1024px) 100vw, 1024px\" \/><figcaption>Momento da inaugura\u00e7\u00e3o<\/figcaption><\/figure>\n\n\n\n<p>Esta \u00e9 uma iniciativa que, segundo a CIM Viseu D\u00e3o Laf\u00f5es, \u201cprocura dar resposta \u00e0 necessidade de consolidar e divulgar os resultados patentes no Plano Intermunicipal de Adapta\u00e7\u00e3o \u00e0s Altera\u00e7\u00f5es Clim\u00e1ticas\u201d. O principal objetivo do projeto \u201cO Futuro \u00e9 Amanh\u00e3!\u201d \u00e9 motivar \u00e0 reflex\u00e3o, debate e divulga\u00e7\u00e3o do problema das altera\u00e7\u00f5es clim\u00e1ticas, e re\u00fane todos os alunos, professores e fam\u00edlias dos 14 munic\u00edpios que comp\u00f5em a CIM D\u00e3o Laf\u00f5es.<\/p>\n\n\n\n<p>Enquanto espa\u00e7o privilegiado e inovador de promo\u00e7\u00e3o educativa quanto \u00e0 tem\u00e1tica das altera\u00e7\u00f5es clim\u00e1ticas, esta exposi\u00e7\u00e3o, a partir de quest\u00f5es e desafios, tenta captar a aten\u00e7\u00e3o da comunidade escolar na ado\u00e7\u00e3o de atitudes e comportamentos que atenuem ou reduzam os impactos negativos deste problema ambiental no territ\u00f3rio.<\/p>\n\n\n\n<p>De acordo com Nuno Martinho, \u201cesta exposi\u00e7\u00e3o itinerante afigura-se como uma mais-valia na sensibiliza\u00e7\u00e3o da popula\u00e7\u00e3o para a adapta\u00e7\u00e3o \u00e0s altera\u00e7\u00f5es clim\u00e1ticas na Regi\u00e3o Viseu D\u00e3o Laf\u00f5es\u201d.<\/p>\n\n\n\n<p>O Secret\u00e1rio Executivo da CIM conclui dando \u00eanfase ao importante papel que a comunidade exerce em rela\u00e7\u00e3o \u00e0 educa\u00e7\u00e3o ambiental. \u201cAtendendo aos eventos climat\u00e9ricos a que temos assistido, a&nbsp;CIM adotou uma estrat\u00e9gia com vista a desenvolver uma literacia ambiental capaz de introduzir os conceitos de adapta\u00e7\u00e3o \u00e0s altera\u00e7\u00f5es clim\u00e1ticas no nosso territ\u00f3rio\u201d, afirma.<\/p>\n\n\n\n<p>A exposi\u00e7\u00e3o itinerante \u201cO Futuro \u00e9 Amanh\u00e3!\u201d pode ser visitada na Quinta da Cruz, em Viseu, at\u00e9 ao dia 11 de junho.<\/p>\n","protected":false},"excerpt":{"rendered":"<p>Na passada sexta-feira, dia 4 de junho, teve lugar na Quinta da Cruz \u2013 Centro de Arte Contempor\u00e2nea de Viseu,<\/p>\n","protected":false},"author":4,"featured_media":13236,"comment_status":"open","ping_status":"open","sticky":false,"template":"","format":"standard","meta":[],"categories":[462],"tags":[1008,1981,818,3440],"_links":{"self":[{"href":"https:\/\/www1.esev.ipv.pt\/dacomunicacao\/index.php?rest_route=\/wp\/v2\/posts\/13235"}],"collection":[{"href":"https:\/\/www1.esev.ipv.pt\/dacomunicacao\/index.php?rest_route=\/wp\/v2\/posts"}],"about":[{"href":"https:\/\/www1.esev.ipv.pt\/dacomunicacao\/index.php?rest_route=\/wp\/v2\/types\/post"}],"author":[{"embeddable":true,"href":"https:\/\/www1.esev.ipv.pt\/dacomunicacao\/index.php?rest_route=\/wp\/v2\/users\/4"}],"replies":[{"embeddable":true,"href":"https:\/\/www1.esev.ipv.pt\/dacomunicacao\/index.php?rest_route=%2Fwp%2Fv2%2Fcomments&post=13235"}],"version-history":[{"count":1,"href":"https:\/\/www1.esev.ipv.pt\/dacomunicacao\/index.php?rest_route=\/wp\/v2\/posts\/13235\/revisions"}],"predecessor-version":[{"id":13238,"href":"https:\/\/www1.esev.ipv.pt\/dacomunicacao\/index.php?rest_route=\/wp\/v2\/posts\/13235\/revisions\/13238"}],"wp:featuredmedia":[{"embeddable":true,"href":"https:\/\/www1.esev.ipv.pt\/dacomunicacao\/index.php?rest_route=\/wp\/v2\/media\/13236"}],"wp:attachment":[{"href":"https:\/\/www1.esev.ipv.pt\/dacomunicacao\/index.php?rest_route=%2Fwp%2Fv2%2Fmedia&parent=13235"}],"wp:term":[{"taxonomy":"category","embeddable":true,"href":"https:\/\/www1.esev.ipv.pt\/dacomunicacao\/index.php?rest_route=%2Fwp%2Fv2%2Fcategories&post=13235"},{"taxonomy":"post_tag","embeddable":true,"href":"https:\/\/www1.esev.ipv.pt\/dacomunicacao\/index.php?rest_route=%2Fwp%2Fv2%2Ftags&post=13235"}],"curies":[{"name":"wp","href":"https:\/\/api.w.org\/{rel}","templated":true}]}}