{"id":13124,"date":"2021-05-28T13:21:24","date_gmt":"2021-05-28T13:21:24","guid":{"rendered":"https:\/\/www.esev.ipv.pt\/dacomunicacao\/?p=13124"},"modified":"2021-05-28T13:21:25","modified_gmt":"2021-05-28T13:21:25","slug":"voz-tras-os-montes-o-jornal-que-ha-74-anos-informa-os-transmontanos","status":"publish","type":"post","link":"https:\/\/www1.esev.ipv.pt\/dacomunicacao\/?p=13124","title":{"rendered":"Voz Tr\u00e1s-os-Montes, o jornal que h\u00e1 74 anos informa os transmontanos"},"content":{"rendered":"\n<p><strong><em>A 9 de novembro de 1947 surge o jornal seman\u00e1rio de Tr\u00e1s-os-Montes e Alto Douro, designado por A Voz de Tr\u00e1s-os-Montes, com sede em Vila Real e delega\u00e7\u00e3o em Chaves. Um projeto fruto da iniciativa de D. Ant\u00f3nio Valente da Fonseca, bispo de Vila Real da altura, com colabora\u00e7\u00e3o do sacerdote Henrique Maria dos Santos, o primeiro editor do jornal.<\/em><\/strong><\/p>\n\n\n\n<p><strong>Reportagem de Marco Sousa<\/strong><\/p>\n\n\n\n<p>74 anos depois, este \u00f3rg\u00e3o de comunica\u00e7\u00e3o social prevalece. Enaltece-se a voz de toda a regi\u00e3o Transmontana e Alto Duriense. Um jornal impresso distribu\u00eddo todas as quintas-feiras nos distritos de Vila Real, Bragan\u00e7a e ainda em algumas zonas do pa\u00eds e em comunidades portuguesas espalhadas pelo mundo.<\/p>\n\n\n\n<p>Em 2014, a gest\u00e3o do jornal passa para a empresa Letras Din\u00e2micas, LDA, com o compromisso de tornar este meio de comunica\u00e7\u00e3o num produto sustent\u00e1vel e atrativo para a popula\u00e7\u00e3o.<\/p>\n\n\n\n<p>O atual diretor do A Voz de Tr\u00e1s-os-Montes, Jo\u00e3o Vilela, reconhece que \u00e9 uma \u201crefer\u00eancia para a popula\u00e7\u00e3o\u201d. Este \u00e9 o respons\u00e1vel por cobrir um total de 35 concelhos, das tr\u00eas intermunicipais da regi\u00e3o: Tr\u00e1s-os-Montes, Alto T\u00e2mega e Douro, incluindo tamb\u00e9m, fora destas comunidades intermunicipais, como o caso do munic\u00edpio de Mondim de Basto.<\/p>\n\n\n\n<p>Com base em estat\u00edsticas, Vila Real \u00e9 o distrito com mais assinantes e leitores deste jornal, sendo assim, um dos principais pontos de refer\u00eancia do A Voz de Tr\u00e1s-os-Montes. Segundo Jo\u00e3o Vilela, \u00e9 o \u201cpilar fundamental do jornal\u201d. Al\u00e9m de Vila Real, seguem-se os concelhos circundantes, como Sabrosa, Alij\u00f3, R\u00e9gua, Vila Pouca de Aguiar, entre outros. O restante territ\u00f3rio, que pela sua localiza\u00e7\u00e3o geogr\u00e1fica e falta de recursos humanos n\u00e3o permite dar tanto destaque quanto aos outros territ\u00f3rios, leva a que o jornal cubra essas regi\u00f5es apenas o que \u00e9 essencial.<\/p>\n\n\n\n<p>A pandemia Covid-19 trouxe consequ\u00eancias para A Voz de Tr\u00e1s-os-Montes, entre elas, a diminui\u00e7\u00e3o de assinaturas e leitura do jornal. Sendo uma faixa et\u00e1ria j\u00e1 elevada, perdem a renova\u00e7\u00e3o da respetiva assinatura. O diretor do jornal refor\u00e7a que no caso dos jovens, estes \u201cleem muito pouco ou quase nada\u201d, procurando assim, estrat\u00e9gias. Neste sentido, definiu apostar nos conte\u00fados desportivos.<\/p>\n\n\n\n<p>O digital \u00e9 uma das grandes apostas do jornal que em 2016 lan\u00e7ou o primeiro site e no presente ano foi lan\u00e7ado o segundo. Para al\u00e9m da aposta no site, foi lan\u00e7ada ainda uma aplica\u00e7\u00e3o, em final de mar\u00e7o, com vista a cobrir todas as necessidades digitais do mercado e dos leitores. Contudo, o digital ainda n\u00e3o \u00e9 a aposta mais importante do jornal, j\u00e1 que o meio f\u00edsico continua a ser o meio mais rent\u00e1vel e o que atrai mais leitores, tamb\u00e9m devido \u00e0s caracter\u00edsticas populacionais da regi\u00e3o. Para Jo\u00e3o Vilela, o digital \u00e9 algo que tem de ser acompanhado, pois h\u00e1 cada vez mais pessoas no online e isso \u00e9 um fator determinante para o crescimento e sustento do meio de comunica\u00e7\u00e3o a longo prazo.<\/p>\n\n\n\n<p>Um dos fatores que veio refor\u00e7ar a ideia de que a aposta no online era algo essencial foi a pandemia da Covid-19. Jo\u00e3o Vilela afirma que \u201chouve claramente um crescimento da informa\u00e7\u00e3o\u201d. Este aumento foi t\u00e3o significativo que levou a que A Voz de Tr\u00e1s-os-Montes tivesse a necessidade de recorrer a um novo servidor. O diretor refor\u00e7a que mar\u00e7o do ano passado foi o \u201cm\u00eas de maior fluxo\u201d e que \u201cfoi particularmente significativo ao ponto de ao fim de dois meses\u201d terem de recorrer \u201ca um novo servidor para dar resposta\u201d.<\/p>\n\n\n\n<p>Para o crescimento deste fluxo contribuiu a confian\u00e7a nesta marca, que leva j\u00e1 h\u00e1 74 anos a informa\u00e7\u00e3o sobre a regi\u00e3o \u00e0s bancas e sempre com o rigor e exatid\u00e3o que os leitores assim exigem.&nbsp; Apesar das dificuldades que o setor j\u00e1 atravessava e que se agravaram com a pandemia, A Voz de Tr\u00e1s-os-Montes tem conseguido crescer e para isso contribui o novo site, que trouxe um aumento de assinaturas digitais, o que leva Jo\u00e3o Vilela a asseverar que tem \u201cconsci\u00eancia que o digital n\u00e3o \u00e9 o futuro, \u00e9 o presente\u201d. O jornal tem ainda um p\u00fablico bastante vasto fora do territ\u00f3rio nacional, onde tem alguns assinantes, algo que para o diretor \u00e9 fundamental, pois mostra que este meio de comunica\u00e7\u00e3o \u00e9 tamb\u00e9m um elo da regi\u00e3o para com os que tiveram de partir.<\/p>\n\n\n\n<p>Apesar de terem diminu\u00eddo drasticamente as assinaturas em papel, que em outros tempos chegaram \u00e0s 1000, o meio de comunica\u00e7\u00e3o conta agora apenas com 200 assinaturas. Os n\u00fameros do digital t\u00eam aumentado, apesar de n\u00e3o ser poss\u00edvel precisar um n\u00famero exato.<\/p>\n\n\n\n<p>A sustentabilidade tem sido sempre um dos principais focos do diretor e de toda a empresa, para isso decidiram inovar e criar uma ag\u00eancia de comunica\u00e7\u00e3o dentro do \u00f3rg\u00e3o, a LD Media, \u201cuma ag\u00eancia de comunica\u00e7\u00e3o que \u00e9 aut\u00f3noma do jornal, mas que funciona dentro da empresa, no fundo aproveitamos meios e recursos\u201d, esclarece Jo\u00e3o Vilela.<\/p>\n\n\n\n<p>Quando se fala em desafios a enfrentar ser\u00e3o certamente muitos, mas para Jo\u00e3o Vilela, atual diretor, h\u00e1 duas palavras de ordem: a isen\u00e7\u00e3o e a sustentabilidade, pois s\u00f3 assim acredita poder continuar a fornecer o servi\u00e7o que os seus leitores merecem.&nbsp; \u201cN\u00e3o \u00e9 f\u00e1cil para o jornalismo regional aguentar-se nos pr\u00f3ximos tempos\u201d, afirma Jo\u00e3o Vilela, que, contudo, se mant\u00e9m bastante otimista no seu trabalho e no da sua equipa, de modo que possam continuar a levar A Voz de Tr\u00e1s-os-Montes a todos os residentes de Tr\u00e1s-os-Montes e que pretendem estar informados sobre o que acontece na sua regi\u00e3o.<\/p>\n","protected":false},"excerpt":{"rendered":"<p>A 9 de novembro de 1947 surge o jornal seman\u00e1rio de Tr\u00e1s-os-Montes e Alto Douro, designado por A Voz de<\/p>\n","protected":false},"author":4,"featured_media":13125,"comment_status":"open","ping_status":"open","sticky":false,"template":"","format":"standard","meta":[],"categories":[462],"tags":[42,345,3670,406,3669],"_links":{"self":[{"href":"https:\/\/www1.esev.ipv.pt\/dacomunicacao\/index.php?rest_route=\/wp\/v2\/posts\/13124"}],"collection":[{"href":"https:\/\/www1.esev.ipv.pt\/dacomunicacao\/index.php?rest_route=\/wp\/v2\/posts"}],"about":[{"href":"https:\/\/www1.esev.ipv.pt\/dacomunicacao\/index.php?rest_route=\/wp\/v2\/types\/post"}],"author":[{"embeddable":true,"href":"https:\/\/www1.esev.ipv.pt\/dacomunicacao\/index.php?rest_route=\/wp\/v2\/users\/4"}],"replies":[{"embeddable":true,"href":"https:\/\/www1.esev.ipv.pt\/dacomunicacao\/index.php?rest_route=%2Fwp%2Fv2%2Fcomments&post=13124"}],"version-history":[{"count":1,"href":"https:\/\/www1.esev.ipv.pt\/dacomunicacao\/index.php?rest_route=\/wp\/v2\/posts\/13124\/revisions"}],"predecessor-version":[{"id":13126,"href":"https:\/\/www1.esev.ipv.pt\/dacomunicacao\/index.php?rest_route=\/wp\/v2\/posts\/13124\/revisions\/13126"}],"wp:featuredmedia":[{"embeddable":true,"href":"https:\/\/www1.esev.ipv.pt\/dacomunicacao\/index.php?rest_route=\/wp\/v2\/media\/13125"}],"wp:attachment":[{"href":"https:\/\/www1.esev.ipv.pt\/dacomunicacao\/index.php?rest_route=%2Fwp%2Fv2%2Fmedia&parent=13124"}],"wp:term":[{"taxonomy":"category","embeddable":true,"href":"https:\/\/www1.esev.ipv.pt\/dacomunicacao\/index.php?rest_route=%2Fwp%2Fv2%2Fcategories&post=13124"},{"taxonomy":"post_tag","embeddable":true,"href":"https:\/\/www1.esev.ipv.pt\/dacomunicacao\/index.php?rest_route=%2Fwp%2Fv2%2Ftags&post=13124"}],"curies":[{"name":"wp","href":"https:\/\/api.w.org\/{rel}","templated":true}]}}