{"id":12784,"date":"2021-05-12T14:52:57","date_gmt":"2021-05-12T14:52:57","guid":{"rendered":"https:\/\/www.esev.ipv.pt\/dacomunicacao\/?p=12784"},"modified":"2021-05-12T14:52:59","modified_gmt":"2021-05-12T14:52:59","slug":"diario-de-uma-pandemia-uma-exposicao-sobre-os-efeitos-do-novo-normal","status":"publish","type":"post","link":"https:\/\/www1.esev.ipv.pt\/dacomunicacao\/?p=12784","title":{"rendered":"Di\u00e1rio de uma Pandemia: uma exposi\u00e7\u00e3o sobre os efeitos do \u201cnovo normal\u201d"},"content":{"rendered":"\n<p><strong><em>A exposi\u00e7\u00e3o Di\u00e1rio de uma Pandemia, com lugar em Tondela e dispon\u00edvel at\u00e9 junho, envolve mais de 130 fot\u00f3grafos e exibe os efeitos do \u201cnovo normal\u201d ap\u00f3s o in\u00edcio dos primeiros casos de infe\u00e7\u00e3o por Covid-19 registados no pa\u00eds em mar\u00e7o do ano passado. Quem o diz \u00e9 Bruno Portela, s\u00f3cio e fundador da associa\u00e7\u00e3o envolvida, a CC11, que com a ACERT divulga trabalhos de fotojornalistas em tr\u00eas locais: a Galeria ACERT, o Museu Terras de Besteiros e a Biblioteca Tomaz Ribeiro.<\/em><\/strong><\/p>\n\n\n\n<p><strong>Por Jo\u00e3o Nogueira<\/strong><\/p>\n\n\n\n<figure class=\"wp-block-image size-large\"><img loading=\"lazy\" width=\"1024\" height=\"683\" src=\"https:\/\/www.esev.ipv.pt\/dacomunicacao\/wp-content\/uploads\/2021\/05\/178850867_4614344185258677_2377789858766617636_n-1024x683.jpeg\" alt=\"\" class=\"wp-image-12786\" srcset=\"https:\/\/www1.esev.ipv.pt\/dacomunicacao\/wp-content\/uploads\/2021\/05\/178850867_4614344185258677_2377789858766617636_n-1024x683.jpeg 1024w, https:\/\/www1.esev.ipv.pt\/dacomunicacao\/wp-content\/uploads\/2021\/05\/178850867_4614344185258677_2377789858766617636_n-300x200.jpeg 300w, https:\/\/www1.esev.ipv.pt\/dacomunicacao\/wp-content\/uploads\/2021\/05\/178850867_4614344185258677_2377789858766617636_n-768x512.jpeg 768w, https:\/\/www1.esev.ipv.pt\/dacomunicacao\/wp-content\/uploads\/2021\/05\/178850867_4614344185258677_2377789858766617636_n-1536x1024.jpeg 1536w, https:\/\/www1.esev.ipv.pt\/dacomunicacao\/wp-content\/uploads\/2021\/05\/178850867_4614344185258677_2377789858766617636_n.jpeg 2048w\" sizes=\"(max-width: 1024px) 100vw, 1024px\" \/><\/figure>\n\n\n\n<p>Bruno Portela afirma que objetivo foi o registo deste per\u00edodo pand\u00e9mico entre mar\u00e7o e in\u00edcio do ver\u00e3o: \u201cquisemos que ficasse registado este per\u00edodo para que as pessoas hoje olhassem para a realidade que se mant\u00e9m, e que mostre o momento de estranheza\u201d. Nos trabalhos \u00e9 poss\u00edvel encontrar \u201ca parte da sa\u00fade, os testes, os hospitais, as mortes. Tamb\u00e9m o novo normal, a utiliza\u00e7\u00e3o de m\u00e1scaras, a desinfe\u00e7\u00e3o, o distanciamento social, e at\u00e9 os vel\u00f3rios limitados\u201d.<\/p>\n\n\n\n<p>\u201cEveryday Covid\u201d, um projeto criado por os fotojornalistas Miguel A. Lopes e Gon\u00e7alo Borges da Silva de forma independente no Instagram, demonstra \u201co isolamento, o sentido de clausura, a nova realidade das m\u00e1scaras, a din\u00e2mica dentro dos hospitais, lares, momentos pol\u00edticos e at\u00e9 funerais\u201d segundo Miguel A. Lopes. O trabalho pode ser visto em duas partes na Galeria ACERT e na Biblioteca Tomaz Ribeiro. Para al\u00e9m deste projeto, \u201cRetratos de Portugal pelas ag\u00eancias de not\u00edcias\u201d tamb\u00e9m est\u00e1 dispon\u00edvel no local e pretende demonstrar um \u201crelato visual de como Portugal reagiu \u00e0 pandemia\u201d, por parte dos correspondentes das ag\u00eancias AFP, AP, GettyImages, Lusa\/EPA e Reuters.<\/p>\n\n\n\n<p>No Museu Terras de Besteiros, Lu\u00edsa Ferreira apresenta a sua exposi\u00e7\u00e3o \u201cClaro e Escuro\u201d, que mant\u00e9m a estrutura da exposi\u00e7\u00e3o anteriormente apresentada em Lisboa. A autora confessa que \u201ccompartimentou mais e teve de adaptar certas coisas\u201d. Segundo a artista o seu trabalho em forma espiral, mostra \u201cas novas formas de estar e de viver do \u00faltimo ano e o lado do vazio que se instaurou nas cidades\u201d.<\/p>\n\n\n\n<p>Na Biblioteca Tomaz Ribeiro, para al\u00e9m da segunda parte do projeto \u201cEveryday Covid\u201d, \u201cDias da Pandemia pela Imprensa Nacional\u201d \u00e9 uma exposi\u00e7\u00e3o de como foi retratada a pandemia pelas capas de jornais portugueses entre mar\u00e7o e julho de 2020, numa sele\u00e7\u00e3o do editor Jo\u00e3o Paulo Cotrim.<\/p>\n\n\n\n<p>A exposi\u00e7\u00e3o Di\u00e1rio de uma Pandemia, que come\u00e7ou em abril e estar\u00e1 dispon\u00edvel at\u00e9 18 de junho de forma gratuita, est\u00e1 repartida em tr\u00eas locais diferentes em Tondela, e com os seguintes trabalhos: \u201cEveryday Covid\u201d, \u201cRetratos de Portugal pelas ag\u00eancias de not\u00edcias\u201d, \u201cClaro e Escuro\u201d e \u201cDias da Pandemia pela Imprensa Nacional\u201d.<\/p>\n","protected":false},"excerpt":{"rendered":"<p>A exposi\u00e7\u00e3o Di\u00e1rio de uma Pandemia, com lugar em Tondela e dispon\u00edvel at\u00e9 junho, envolve mais de 130 fot\u00f3grafos e<\/p>\n","protected":false},"author":4,"featured_media":12785,"comment_status":"open","ping_status":"open","sticky":false,"template":"","format":"standard","meta":[],"categories":[15],"tags":[852,3608,2662,3606,3607,3213],"_links":{"self":[{"href":"https:\/\/www1.esev.ipv.pt\/dacomunicacao\/index.php?rest_route=\/wp\/v2\/posts\/12784"}],"collection":[{"href":"https:\/\/www1.esev.ipv.pt\/dacomunicacao\/index.php?rest_route=\/wp\/v2\/posts"}],"about":[{"href":"https:\/\/www1.esev.ipv.pt\/dacomunicacao\/index.php?rest_route=\/wp\/v2\/types\/post"}],"author":[{"embeddable":true,"href":"https:\/\/www1.esev.ipv.pt\/dacomunicacao\/index.php?rest_route=\/wp\/v2\/users\/4"}],"replies":[{"embeddable":true,"href":"https:\/\/www1.esev.ipv.pt\/dacomunicacao\/index.php?rest_route=%2Fwp%2Fv2%2Fcomments&post=12784"}],"version-history":[{"count":1,"href":"https:\/\/www1.esev.ipv.pt\/dacomunicacao\/index.php?rest_route=\/wp\/v2\/posts\/12784\/revisions"}],"predecessor-version":[{"id":12787,"href":"https:\/\/www1.esev.ipv.pt\/dacomunicacao\/index.php?rest_route=\/wp\/v2\/posts\/12784\/revisions\/12787"}],"wp:featuredmedia":[{"embeddable":true,"href":"https:\/\/www1.esev.ipv.pt\/dacomunicacao\/index.php?rest_route=\/wp\/v2\/media\/12785"}],"wp:attachment":[{"href":"https:\/\/www1.esev.ipv.pt\/dacomunicacao\/index.php?rest_route=%2Fwp%2Fv2%2Fmedia&parent=12784"}],"wp:term":[{"taxonomy":"category","embeddable":true,"href":"https:\/\/www1.esev.ipv.pt\/dacomunicacao\/index.php?rest_route=%2Fwp%2Fv2%2Fcategories&post=12784"},{"taxonomy":"post_tag","embeddable":true,"href":"https:\/\/www1.esev.ipv.pt\/dacomunicacao\/index.php?rest_route=%2Fwp%2Fv2%2Ftags&post=12784"}],"curies":[{"name":"wp","href":"https:\/\/api.w.org\/{rel}","templated":true}]}}