{"id":12460,"date":"2021-04-13T08:33:37","date_gmt":"2021-04-13T08:33:37","guid":{"rendered":"https:\/\/www.esev.ipv.pt\/dacomunicacao\/?p=12460"},"modified":"2021-04-13T08:33:38","modified_gmt":"2021-04-13T08:33:38","slug":"tondela-une-desporto-solidariedade-e-afetos-num-evento-dia-2-de-maio","status":"publish","type":"post","link":"https:\/\/www1.esev.ipv.pt\/dacomunicacao\/?p=12460","title":{"rendered":"Tondela une desporto, solidariedade e afetos num evento dia 2 de maio"},"content":{"rendered":"\n<p><strong><em>&nbsp;O Munic\u00edpio de Tondela vai realizar no pr\u00f3ximo dia 2 de maio, Dia da M\u00e3e, um evento especial, que conta com a particularidade de juntar o desporto, com a solidariedade e os afetos.<\/em><\/strong><\/p>\n\n\n\n<p><strong>Por Luciana Soares<\/strong><\/p>\n\n\n\n<p>Uma iniciativa que conta com a parceria da Liga Portuguesa da Luta Contra o Cancro \u00e9 denominada &#8220;Pela Vida, Contra o Cancro&#8221; e decorrer\u00e1 no dia 02 de maio, data que em circunst\u00e2ncias n\u00e3o pand\u00e9micas teria lugar a IV Meia Maratona Internacional de Tondela &#8211; Ecopista do D\u00e3o, agora adiada.<\/p>\n\n\n\n<p>Aos participantes \u00e9 pedido que realizem um momento de atividade f\u00edsica \u00e0 sua escolha, junto ao seu local de resid\u00eancia, cumprindo todas as regras de distanciamento definidas pela DGS.<\/p>\n\n\n\n<p>O evento ser\u00e1 online e a inscri\u00e7\u00e3o \u00e9 feita online e de forma gratuita, cabendo ao Munic\u00edpio de Tondela o envio antecipado do Kit de participante (t-shirt t\u00e9cnica, dorsal e brindes diversos) a todos os inscritos que, a partir dos 7 anos de idade, desejem participar neste desafio desportivo\/familiar.<\/p>\n\n\n\n<p>Durante a inscri\u00e7\u00e3o \u00e9 poss\u00edvel fazer um donativo que reverte para a Liga Portuguesa da Luta Contra o Cancro, uma entidade sem fins lucrativos que, ao longo dos anos, desenvolve in\u00fameras atividades de ajuda a portadores de doen\u00e7as graves e oncol\u00f3gicas, para al\u00e9m de ser gestora e financiadora do rastreio a n\u00edvel nacional do cancro da mama.<\/p>\n\n\n\n<p>Como forma de assinalar o dia Dia da M\u00e3e, na manh\u00e3 de 2 de maio, ter\u00e1 lugar uma largada de pombos simb\u00f3lica.<\/p>\n","protected":false},"excerpt":{"rendered":"<p>&nbsp;O Munic\u00edpio de Tondela vai realizar no pr\u00f3ximo dia 2 de maio, Dia da M\u00e3e, um evento especial, que conta<\/p>\n","protected":false},"author":4,"featured_media":12463,"comment_status":"open","ping_status":"open","sticky":false,"template":"","format":"standard","meta":[],"categories":[1,462],"tags":[1926,1400,3545],"_links":{"self":[{"href":"https:\/\/www1.esev.ipv.pt\/dacomunicacao\/index.php?rest_route=\/wp\/v2\/posts\/12460"}],"collection":[{"href":"https:\/\/www1.esev.ipv.pt\/dacomunicacao\/index.php?rest_route=\/wp\/v2\/posts"}],"about":[{"href":"https:\/\/www1.esev.ipv.pt\/dacomunicacao\/index.php?rest_route=\/wp\/v2\/types\/post"}],"author":[{"embeddable":true,"href":"https:\/\/www1.esev.ipv.pt\/dacomunicacao\/index.php?rest_route=\/wp\/v2\/users\/4"}],"replies":[{"embeddable":true,"href":"https:\/\/www1.esev.ipv.pt\/dacomunicacao\/index.php?rest_route=%2Fwp%2Fv2%2Fcomments&post=12460"}],"version-history":[{"count":2,"href":"https:\/\/www1.esev.ipv.pt\/dacomunicacao\/index.php?rest_route=\/wp\/v2\/posts\/12460\/revisions"}],"predecessor-version":[{"id":12464,"href":"https:\/\/www1.esev.ipv.pt\/dacomunicacao\/index.php?rest_route=\/wp\/v2\/posts\/12460\/revisions\/12464"}],"wp:featuredmedia":[{"embeddable":true,"href":"https:\/\/www1.esev.ipv.pt\/dacomunicacao\/index.php?rest_route=\/wp\/v2\/media\/12463"}],"wp:attachment":[{"href":"https:\/\/www1.esev.ipv.pt\/dacomunicacao\/index.php?rest_route=%2Fwp%2Fv2%2Fmedia&parent=12460"}],"wp:term":[{"taxonomy":"category","embeddable":true,"href":"https:\/\/www1.esev.ipv.pt\/dacomunicacao\/index.php?rest_route=%2Fwp%2Fv2%2Fcategories&post=12460"},{"taxonomy":"post_tag","embeddable":true,"href":"https:\/\/www1.esev.ipv.pt\/dacomunicacao\/index.php?rest_route=%2Fwp%2Fv2%2Ftags&post=12460"}],"curies":[{"name":"wp","href":"https:\/\/api.w.org\/{rel}","templated":true}]}}