{"id":12342,"date":"2021-03-29T20:55:42","date_gmt":"2021-03-29T20:55:42","guid":{"rendered":"http:\/\/www.esev.ipv.pt\/dacomunicacao\/?p=12342"},"modified":"2021-03-29T20:55:43","modified_gmt":"2021-03-29T20:55:43","slug":"mangualde-recebe-maior-e-mais-pesado-carrilhao-itinerante-para-dois-concertos","status":"publish","type":"post","link":"https:\/\/www1.esev.ipv.pt\/dacomunicacao\/?p=12342","title":{"rendered":"Mangualde recebe \u201cmaior e mais pesado\u201d carrilh\u00e3o itinerante para dois concertos"},"content":{"rendered":"\n<p><em><strong>\u201cO Carrilh\u00e3o Lvsitanvs\u201d chega a Mangualde na sexta-feira, dia 2 de abril, para assinalar a P\u00e1scoa com dois concertos, apresentando temas para todos os gostos musicais, desde o mais erudito ao mais popular. \u00c9 composto por 63 sinos pesando cerca de 12 toneladas. <\/strong><\/em><\/p>\n\n\n\n<p><strong>Por Mariana Fernandes<\/strong><\/p>\n\n\n\n<p>Em comunicado a autarquia afirma que \u00e9 \u201cum carrilh\u00e3o\ntipicamente portugu\u00eas e uma novidade \u00fanica na Pen\u00ednsula Ib\u00e9rica, e est\u00e1 a\ndespertar o interesse e curiosidade entre os amantes da m\u00fasica devido \u00e0 sua\nversatilidade em criar obras musicais dos mais variados estilos\u201d. <\/p>\n\n\n\n<p>Desde 2015 a dar m\u00fasica pelo pa\u00eds fora, o carrilh\u00e3o apresenta uma grande mobilidade quer seja em recintos\nfechados ou ao ar livre, a solo ou com outros instrumentos e tem marcado\npresen\u00e7a em audi\u00e7\u00f5es de m\u00fasica erudita, arraiais e festas medievais.<\/p>\n\n\n\n<p>Os concertos est\u00e3o marcados para o\ndia 2 de abril, pelas 15:00, na freguesia de Ch\u00e3s de Tavares e, \u00e0 noite, \u00e0s\n21:30, no Largo Dr. Couto, no centro de Mangualde.<\/p>\n\n\n\n<p>O munic\u00edpio convida toda popula\u00e7\u00e3o a\nassistir aos concertos nas suas casas e esclarece que \u201cn\u00e3o ser\u00e1 permitida assist\u00eancia no local, nem aglomera\u00e7\u00f5es\u201d.<\/p>\n\n\n\n<p>\u201cTratando-se de uma novidade \u00fanica em Portugal e na\nPen\u00ednsula Ib\u00e9rica, o Carrilh\u00e3o Lvsitanvs est\u00e1 a despertar grande interesse nos\namantes da m\u00fasica, e, consequentemente, a incentivar uma nova forma de ouvir\nm\u00fasica\u201d, defende a autarquia.<\/p>\n","protected":false},"excerpt":{"rendered":"<p>\u201cO Carrilh\u00e3o Lvsitanvs\u201d chega a Mangualde na sexta-feira, dia 2 de abril, para assinalar a P\u00e1scoa com dois concertos, apresentando<\/p>\n","protected":false},"author":4,"featured_media":12343,"comment_status":"open","ping_status":"open","sticky":false,"template":"","format":"standard","meta":[],"categories":[462],"tags":[162],"_links":{"self":[{"href":"https:\/\/www1.esev.ipv.pt\/dacomunicacao\/index.php?rest_route=\/wp\/v2\/posts\/12342"}],"collection":[{"href":"https:\/\/www1.esev.ipv.pt\/dacomunicacao\/index.php?rest_route=\/wp\/v2\/posts"}],"about":[{"href":"https:\/\/www1.esev.ipv.pt\/dacomunicacao\/index.php?rest_route=\/wp\/v2\/types\/post"}],"author":[{"embeddable":true,"href":"https:\/\/www1.esev.ipv.pt\/dacomunicacao\/index.php?rest_route=\/wp\/v2\/users\/4"}],"replies":[{"embeddable":true,"href":"https:\/\/www1.esev.ipv.pt\/dacomunicacao\/index.php?rest_route=%2Fwp%2Fv2%2Fcomments&post=12342"}],"version-history":[{"count":1,"href":"https:\/\/www1.esev.ipv.pt\/dacomunicacao\/index.php?rest_route=\/wp\/v2\/posts\/12342\/revisions"}],"predecessor-version":[{"id":12344,"href":"https:\/\/www1.esev.ipv.pt\/dacomunicacao\/index.php?rest_route=\/wp\/v2\/posts\/12342\/revisions\/12344"}],"wp:featuredmedia":[{"embeddable":true,"href":"https:\/\/www1.esev.ipv.pt\/dacomunicacao\/index.php?rest_route=\/wp\/v2\/media\/12343"}],"wp:attachment":[{"href":"https:\/\/www1.esev.ipv.pt\/dacomunicacao\/index.php?rest_route=%2Fwp%2Fv2%2Fmedia&parent=12342"}],"wp:term":[{"taxonomy":"category","embeddable":true,"href":"https:\/\/www1.esev.ipv.pt\/dacomunicacao\/index.php?rest_route=%2Fwp%2Fv2%2Fcategories&post=12342"},{"taxonomy":"post_tag","embeddable":true,"href":"https:\/\/www1.esev.ipv.pt\/dacomunicacao\/index.php?rest_route=%2Fwp%2Fv2%2Ftags&post=12342"}],"curies":[{"name":"wp","href":"https:\/\/api.w.org\/{rel}","templated":true}]}}