{"id":12134,"date":"2021-03-11T10:59:30","date_gmt":"2021-03-11T10:59:30","guid":{"rendered":"http:\/\/www.esev.ipv.pt\/dacomunicacao\/?p=12134"},"modified":"2021-03-11T10:59:31","modified_gmt":"2021-03-11T10:59:31","slug":"comissao-europeia-anuncia-reforco-de-4-milhoes-de-doses-de-vacina","status":"publish","type":"post","link":"https:\/\/www1.esev.ipv.pt\/dacomunicacao\/?p=12134","title":{"rendered":"Comiss\u00e3o Europeia anuncia refor\u00e7o de 4 milh\u00f5es de doses de vacina"},"content":{"rendered":"\n<p><strong><em>A Comiss\u00e3o Europeia anunciou, esta quarta-feira (10 de mar\u00e7o), um refor\u00e7o de quatro milh\u00f5es de doses de vacina da Covid-19, fornecidas pela BioNTech-Pfizer. O apoio chegar\u00e1 aos Estados-Membros at\u00e9 ao final do m\u00eas.<\/em><\/strong><\/p>\n\n\n\n<p><strong>Por Kevin Santos<\/strong><\/p>\n\n\n\n<p>Apesar da\nredu\u00e7\u00e3o do n\u00famero de mortes, a organiza\u00e7\u00e3o presidida por Ursula von der Leyen\nexpressou preocupa\u00e7\u00e3o com o desenvolvimento de v\u00e1rios focos de contamina\u00e7\u00e3o de\nCovid-19, resultantes de novas estirpes mais contagiosas. A presidente da\nComiss\u00e3o Europeia declarou que \u201cpara combater as variantes agressivas do v\u00edrus\ne melhorar a situa\u00e7\u00e3o nos centros de vacina\u00e7\u00e3o, \u00e9 necess\u00e1ria uma a\u00e7\u00e3o r\u00e1pida e\ndecisiva\u201d.<\/p>\n\n\n\n<p>A Comiss\u00e3o\nEuropeia procura \u201ca implanta\u00e7\u00e3o de centros de vacina\u00e7\u00e3o e facilitar a livre\ncircula\u00e7\u00e3o nas fronteiras\u201d, de forma a aliviar a press\u00e3o sobre os sistemas de\nsa\u00fade e o mercado \u00fanico, numa altura em que a circula\u00e7\u00e3o da variante brit\u00e2nica\namea\u00e7a os planos de desconfinamento de v\u00e1rios pa\u00edses europeus. Uma vez que a\nvacina da BioNTech-Pfizer \u201cprovou ser altamente eficaz no combate a todas as\nvariantes do v\u00edrus Covid-19 conhecidas atualmente\u201d, as quatro milh\u00f5es de doses\nrepresentam um apoio aos \u201cesfor\u00e7os para manter sob controlo a propaga\u00e7\u00e3o de\nnovas variantes\u201d. <\/p>\n\n\n\n<p>As quatro\nmilh\u00f5es de doses suplementares v\u00e3o ser disponibilizadas para compra aos\nEstados-Membros, de forma proporcional \u00e0 sua popula\u00e7\u00e3o, e ser\u00e3o entregues at\u00e9\nao final de mar\u00e7o.<\/p>\n","protected":false},"excerpt":{"rendered":"<p>A Comiss\u00e3o Europeia anunciou, esta quarta-feira (10 de mar\u00e7o), um refor\u00e7o de quatro milh\u00f5es de doses de vacina da Covid-19,<\/p>\n","protected":false},"author":4,"featured_media":11693,"comment_status":"open","ping_status":"open","sticky":false,"template":"","format":"standard","meta":[],"categories":[11],"tags":[1829,2662,39,3221],"_links":{"self":[{"href":"https:\/\/www1.esev.ipv.pt\/dacomunicacao\/index.php?rest_route=\/wp\/v2\/posts\/12134"}],"collection":[{"href":"https:\/\/www1.esev.ipv.pt\/dacomunicacao\/index.php?rest_route=\/wp\/v2\/posts"}],"about":[{"href":"https:\/\/www1.esev.ipv.pt\/dacomunicacao\/index.php?rest_route=\/wp\/v2\/types\/post"}],"author":[{"embeddable":true,"href":"https:\/\/www1.esev.ipv.pt\/dacomunicacao\/index.php?rest_route=\/wp\/v2\/users\/4"}],"replies":[{"embeddable":true,"href":"https:\/\/www1.esev.ipv.pt\/dacomunicacao\/index.php?rest_route=%2Fwp%2Fv2%2Fcomments&post=12134"}],"version-history":[{"count":1,"href":"https:\/\/www1.esev.ipv.pt\/dacomunicacao\/index.php?rest_route=\/wp\/v2\/posts\/12134\/revisions"}],"predecessor-version":[{"id":12135,"href":"https:\/\/www1.esev.ipv.pt\/dacomunicacao\/index.php?rest_route=\/wp\/v2\/posts\/12134\/revisions\/12135"}],"wp:featuredmedia":[{"embeddable":true,"href":"https:\/\/www1.esev.ipv.pt\/dacomunicacao\/index.php?rest_route=\/wp\/v2\/media\/11693"}],"wp:attachment":[{"href":"https:\/\/www1.esev.ipv.pt\/dacomunicacao\/index.php?rest_route=%2Fwp%2Fv2%2Fmedia&parent=12134"}],"wp:term":[{"taxonomy":"category","embeddable":true,"href":"https:\/\/www1.esev.ipv.pt\/dacomunicacao\/index.php?rest_route=%2Fwp%2Fv2%2Fcategories&post=12134"},{"taxonomy":"post_tag","embeddable":true,"href":"https:\/\/www1.esev.ipv.pt\/dacomunicacao\/index.php?rest_route=%2Fwp%2Fv2%2Ftags&post=12134"}],"curies":[{"name":"wp","href":"https:\/\/api.w.org\/{rel}","templated":true}]}}