{"id":12036,"date":"2021-02-26T19:58:29","date_gmt":"2021-02-26T19:58:29","guid":{"rendered":"http:\/\/www.esev.ipv.pt\/dacomunicacao\/?p=12036"},"modified":"2021-02-26T19:58:30","modified_gmt":"2021-02-26T19:58:30","slug":"mangualde-rende-se-ao-digital","status":"publish","type":"post","link":"https:\/\/www1.esev.ipv.pt\/dacomunicacao\/?p=12036","title":{"rendered":"Mangualde rende-se ao digital"},"content":{"rendered":"\n<p>Por Ana Catarina Figueiredo<\/p>\n\n\n\n<p><strong><em>O munic\u00edpio de Mangualde aderiu \u00e0\naplica\u00e7\u00e3o OurCity, a que deu o nome de \u201cMangualdeAPP\u201d. Esta pretende ser uma\naplica\u00e7\u00e3o que se encontra em constante atualiza\u00e7\u00e3o, onde se v\u00e3o introduzindo\nnovas funcionalidades como o&nbsp;envio de alertas de ocorr\u00eancias da prote\u00e7\u00e3o\ncivil, servi\u00e7o de \u00e1guas, farm\u00e1cias de servi\u00e7o, entre outros. A app conta ainda\ncom uma vertente tur\u00edstica, onde os utilizadores podem encontrar&nbsp;diversos\npontos de interesse relativos ao munic\u00edpio.<\/em><\/strong><\/p>\n\n\n\n<p>Na aplica\u00e7\u00e3o municipal\nencontraram-se v\u00e1rias funcionalidades dispon\u00edveis, tais como o separador\n\u201cNovidades\u201d, onde \u00e9 poss\u00edvel encontrar conte\u00fados variados desde&nbsp;alertas de\nrisco de inc\u00eandio ou meteorol\u00f3gicos, not\u00edcias e eventos culturais. <\/p>\n\n\n\n<p>O separador&nbsp;\u201cDescobrir\u201dpermite\nao utilizador pesquisar pontos de interesse, desde Restaurantes, Hot\u00e9is,\nArtesanato, Praia\/Piscinas, Rede WIFI, Eventos Culturais que estejam a decorrer\nno munic\u00edpio, locais a visitar, farm\u00e1cias de servi\u00e7o, etc. <\/p>\n\n\n\n<p>Al\u00e9m destes, existe\noutro separador designado de \u201cMunic\u00edpio\u201d, onde o utilizador poder\u00e1 encontrar a\nhist\u00f3ria do munic\u00edpio, a lista das freguesias, dados demogr\u00e1ficos, a agenda,\nfarm\u00e1cias locais, contactos \u00fateis, os v\u00e1rios trilhos da cidade e o separador\nque diz respeito \u00e0 prote\u00e7\u00e3o civil. &nbsp;<\/p>\n\n\n\n<p>A app apresenta outras\nfuncionalidades para os utilizadores, dentre as quais que, a app apresente ao\nutilizador notifica\u00e7\u00f5es variadas sobre eventos, noticias, alertas variados\n(alertas meteorol\u00f3gicos, risco de inc\u00eandio, prote\u00e7\u00e3o civil) e tr\u00e2nsito. <\/p>\n\n\n\n<p>Para obter a app, os\ndispositivos Android devem ir \u00e0 Playstore e os dispositivos IOS devem ir \u00e0 APP\nStore e pesquisar por \u201cMangualdeAPP\u201d.<\/p>\n","protected":false},"excerpt":{"rendered":"<p>Por Ana Catarina Figueiredo O munic\u00edpio de Mangualde aderiu \u00e0 aplica\u00e7\u00e3o OurCity, a que deu o nome de \u201cMangualdeAPP\u201d. Esta<\/p>\n","protected":false},"author":16,"featured_media":12037,"comment_status":"open","ping_status":"open","sticky":false,"template":"","format":"standard","meta":[],"categories":[1,11],"tags":[1407,162],"_links":{"self":[{"href":"https:\/\/www1.esev.ipv.pt\/dacomunicacao\/index.php?rest_route=\/wp\/v2\/posts\/12036"}],"collection":[{"href":"https:\/\/www1.esev.ipv.pt\/dacomunicacao\/index.php?rest_route=\/wp\/v2\/posts"}],"about":[{"href":"https:\/\/www1.esev.ipv.pt\/dacomunicacao\/index.php?rest_route=\/wp\/v2\/types\/post"}],"author":[{"embeddable":true,"href":"https:\/\/www1.esev.ipv.pt\/dacomunicacao\/index.php?rest_route=\/wp\/v2\/users\/16"}],"replies":[{"embeddable":true,"href":"https:\/\/www1.esev.ipv.pt\/dacomunicacao\/index.php?rest_route=%2Fwp%2Fv2%2Fcomments&post=12036"}],"version-history":[{"count":1,"href":"https:\/\/www1.esev.ipv.pt\/dacomunicacao\/index.php?rest_route=\/wp\/v2\/posts\/12036\/revisions"}],"predecessor-version":[{"id":12038,"href":"https:\/\/www1.esev.ipv.pt\/dacomunicacao\/index.php?rest_route=\/wp\/v2\/posts\/12036\/revisions\/12038"}],"wp:featuredmedia":[{"embeddable":true,"href":"https:\/\/www1.esev.ipv.pt\/dacomunicacao\/index.php?rest_route=\/wp\/v2\/media\/12037"}],"wp:attachment":[{"href":"https:\/\/www1.esev.ipv.pt\/dacomunicacao\/index.php?rest_route=%2Fwp%2Fv2%2Fmedia&parent=12036"}],"wp:term":[{"taxonomy":"category","embeddable":true,"href":"https:\/\/www1.esev.ipv.pt\/dacomunicacao\/index.php?rest_route=%2Fwp%2Fv2%2Fcategories&post=12036"},{"taxonomy":"post_tag","embeddable":true,"href":"https:\/\/www1.esev.ipv.pt\/dacomunicacao\/index.php?rest_route=%2Fwp%2Fv2%2Ftags&post=12036"}],"curies":[{"name":"wp","href":"https:\/\/api.w.org\/{rel}","templated":true}]}}