{"id":12018,"date":"2021-02-25T14:11:13","date_gmt":"2021-02-25T14:11:13","guid":{"rendered":"http:\/\/www.esev.ipv.pt\/dacomunicacao\/?p=12018"},"modified":"2021-02-25T16:54:20","modified_gmt":"2021-02-25T16:54:20","slug":"covid-19-gouveia-cria-apoios-para-estimular-a-economia-local","status":"publish","type":"post","link":"https:\/\/www1.esev.ipv.pt\/dacomunicacao\/?p=12018","title":{"rendered":"Covid-19: Gouveia cria apoios para estimular a economia local"},"content":{"rendered":"\n<p><strong>Por Ana Catarina Figueiredo<\/strong><\/p>\n\n\n\n<p><strong><em>O Munic\u00edpio de Gouveia continua a investir e a apoiar as empresas e os empres\u00e1rios do concelho atrav\u00e9s do&nbsp;Programa Gouveia Investe II. Este programa tem como intuito criar medidas que visem incrementar a atividade empresarial e reduzir as despesas dos empres\u00e1rios. <\/em><\/strong><\/p>\n\n\n\n<p>Numa altura de dificuldades para as\nempresas provocadas pela crise pand\u00e9mica, o munic\u00edpio implementou um programa\nque visa criar medidas para cimentar a atividade empresarial, o Programa\nGouveia Investe II. <\/p>\n\n\n\n<p>O munic\u00edpio escreve na nota de\nimprensa presente no site da c\u00e2mara municipal que a este apoio n\u00e3o se podem\ncandidatar \u201cinstitui\u00e7\u00f5es banc\u00e1rias, superf\u00edcies comerciais com dimens\u00e3o superior\na 700 m2 e entidades que desenvolvam atividades econ\u00f3micas em im\u00f3veis do\nMunic\u00edpio de Gouveia ou que sejam benefici\u00e1rios do \u201cProjeto Gouveia Empreende\u201d,\nna modalidade apoio ao investimento e empreendedorismo\u201d.<\/p>\n\n\n\n<p>O munic\u00edpio avisa que este apoio se\nencontra limitado a um im\u00f3vel por benefici\u00e1rio e que quem venha a usufruir\ndeste apoio deve manter a sua atividade, sede fiscal e postos de trabalho\nexistentes na data da atribui\u00e7\u00e3o do apoio, at\u00e9 ao final do ano 2021. Caso estas\ncondi\u00e7\u00f5es n\u00e3o sejam cumpridas o apoio ser\u00e1 revogado. <\/p>\n\n\n\n<p>At\u00e9 ao dia de ontem, foram\napresentadas 64 candidaturas. A C\u00e2mara Municipal prev\u00ea que at\u00e9 sexta-feira (26\nde fevereiro \u2013 \u00faltimo dia para se candidatar ao apoio), o n\u00famero de candidatos\nsupere o da fase anterior. <\/p>\n\n\n\n<p>Os interessados poder\u00e3o efetuar a\ncandidatura por via online, preenchendo o formul\u00e1rio e entregando os documentos\nvia eletr\u00f3nica, atrav\u00e9s de <a href=\"http:\/\/www.cm-gouveia.pt\/estimulos-a-economia-local-covid-19\/\">http:\/\/www.cm-gouveia.pt\/estimulos-a-economia-local-covid-19\/<\/a>. Ou por via presencial, fazendo o\ndownload do formul\u00e1rio em <a href=\"http:\/\/www.cm-gouveia.pt\/estimulos-a-economia-local-covid-19\/\">http:\/\/www.cm-gouveia.pt\/estimulos-a-economia-local-covid-19\/<\/a> ou levantando-o no Balc\u00e3o \u00danico do\nMunic\u00edpio de Gouveia e entregando-o devidamente preenchido com a documenta\u00e7\u00e3o a\nque o mesmo faz refer\u00eancia no Balc\u00e3o \u00danico do Munic\u00edpio de Gouveia.<\/p>\n\n\n\n<p>O Programa Gouveia Investe II surge\nna sequ\u00eancia do&nbsp;Gouveia Investe I, do qual beneficiaram 64 empresas na modalidade\nde apoio ao arrendamento e 3 no \u00e2mbito do apoio aos mutu\u00e1rios de cr\u00e9ditos,\nreferentes a im\u00f3veis destinados ao exerc\u00edcio de qualquer atividade de com\u00e9rcio,\nservi\u00e7os ou ind\u00fastria.<\/p>\n","protected":false},"excerpt":{"rendered":"<p>Por Ana Catarina Figueiredo O Munic\u00edpio de Gouveia continua a investir e a apoiar as empresas e os empres\u00e1rios do<\/p>\n","protected":false},"author":16,"featured_media":12019,"comment_status":"open","ping_status":"open","sticky":false,"template":"","format":"standard","meta":[],"categories":[1,399,12],"tags":[2662,1251],"_links":{"self":[{"href":"https:\/\/www1.esev.ipv.pt\/dacomunicacao\/index.php?rest_route=\/wp\/v2\/posts\/12018"}],"collection":[{"href":"https:\/\/www1.esev.ipv.pt\/dacomunicacao\/index.php?rest_route=\/wp\/v2\/posts"}],"about":[{"href":"https:\/\/www1.esev.ipv.pt\/dacomunicacao\/index.php?rest_route=\/wp\/v2\/types\/post"}],"author":[{"embeddable":true,"href":"https:\/\/www1.esev.ipv.pt\/dacomunicacao\/index.php?rest_route=\/wp\/v2\/users\/16"}],"replies":[{"embeddable":true,"href":"https:\/\/www1.esev.ipv.pt\/dacomunicacao\/index.php?rest_route=%2Fwp%2Fv2%2Fcomments&post=12018"}],"version-history":[{"count":2,"href":"https:\/\/www1.esev.ipv.pt\/dacomunicacao\/index.php?rest_route=\/wp\/v2\/posts\/12018\/revisions"}],"predecessor-version":[{"id":12022,"href":"https:\/\/www1.esev.ipv.pt\/dacomunicacao\/index.php?rest_route=\/wp\/v2\/posts\/12018\/revisions\/12022"}],"wp:featuredmedia":[{"embeddable":true,"href":"https:\/\/www1.esev.ipv.pt\/dacomunicacao\/index.php?rest_route=\/wp\/v2\/media\/12019"}],"wp:attachment":[{"href":"https:\/\/www1.esev.ipv.pt\/dacomunicacao\/index.php?rest_route=%2Fwp%2Fv2%2Fmedia&parent=12018"}],"wp:term":[{"taxonomy":"category","embeddable":true,"href":"https:\/\/www1.esev.ipv.pt\/dacomunicacao\/index.php?rest_route=%2Fwp%2Fv2%2Fcategories&post=12018"},{"taxonomy":"post_tag","embeddable":true,"href":"https:\/\/www1.esev.ipv.pt\/dacomunicacao\/index.php?rest_route=%2Fwp%2Fv2%2Ftags&post=12018"}],"curies":[{"name":"wp","href":"https:\/\/api.w.org\/{rel}","templated":true}]}}