{"id":11985,"date":"2021-02-23T18:21:34","date_gmt":"2021-02-23T18:21:34","guid":{"rendered":"http:\/\/www.esev.ipv.pt\/dacomunicacao\/?p=11985"},"modified":"2021-02-25T17:05:00","modified_gmt":"2021-02-25T17:05:00","slug":"centro-de-portugal-da-se-a-conhecer-em-modo-online","status":"publish","type":"post","link":"https:\/\/www1.esev.ipv.pt\/dacomunicacao\/?p=11985","title":{"rendered":"Centro de Portugal d\u00e1-se a conhecer em modo online"},"content":{"rendered":"\n<p><strong>Por Ana Catarina Correia <\/strong><\/p>\n\n\n\n<p><strong><em>Com vista a dinamizar o confinamento dos portugueses, o Turismo Centro de Portugal (TCP) lan\u00e7a agora uma linha de iniciativas virtuais que permitem conhecer o Centro do pa\u00eds sem sair de casa.<\/em> <\/strong><\/p>\n\n\n\n<p><strong>#CentrodePortugalonline<\/strong> \u00e9\no nome da mais recente iniciativa que consiste numa s\u00e9rie de artigos regulares,\npublicados no site do TCP, em que s\u00e3o apresentados v\u00e1rios destinos que podem\nser visitados de forma digital. Os artigos ir\u00e3o compilar v\u00e1rios destinos da\nregi\u00e3o centro, dispon\u00edveis na Internet, como Museus, Lugares Patrim\u00f3nio da\nHumanidade, Roteiros Vin\u00edcolas, Festivais Virtuais, Jardins Hist\u00f3ricos, entre\noutros.<\/p>\n\n\n\n<p>Semanalmente o TCP apresenta, ainda, um\npodcast que d\u00e1 voz aos protagonistas da regi\u00e3o e conta com a colabora\u00e7\u00e3o de\nfiguras conhecidas. Entre sugest\u00f5es de roteiros e visitas no territ\u00f3rio do\nCentro de Portugal, o programa de r\u00e1dio online procura ainda informar o p\u00fablico\nde tudo o que acontece na regi\u00e3o. <\/p>\n\n\n\n<p>\u201cOs melhores s\u00edtios do Centro de\nPortugal para\u2026\u201d \u00e9 o nome da rubrica que se junta \u00e0s restantes iniciativas do\nTCP. Tal como o pr\u00f3prio nome indica, \u00e9 uma rubrica que sugere diversos destinos\nda regi\u00e3o para distintas finalidades. Desde os melhores s\u00edtios \u201cpara chorar de\nalegria, emo\u00e7\u00e3o ou saudade\u201d, \u201cpara respirar a plenos pulm\u00f5es\u201d, \u201cpara namorar,\nbeijar ou fazer o pedido de casamento\u201d ou \u201cpara aliviar o stress e manter a boa\nforma\u201d, s\u00e3o imensas as sugest\u00f5es que se podem encontrar na rubrica.<\/p>\n\n\n\n<p>Pedro Machado, presidente do Turismo\nde Portugal, afirma que \u201capesar de a atividade tur\u00edstica estar parada, devido \u00e0\npandemia em curso, a regi\u00e3o Centro de Portugal continua viva e din\u00e2mica\u201d.\nApresentando as recentes iniciativas como resposta para \u201cmitigar as saudades\nque os seguidores do Turismo Centro de Portugal t\u00eam de visitar a regi\u00e3o\u201d, Paula\nMachado acrescenta ainda que \u201co Centro de Portugal vai continuar aqui, \u00e0 espera\ndos visitantes\u201d.<\/p>\n","protected":false},"excerpt":{"rendered":"<p>Por Ana Catarina Correia Com vista a dinamizar o confinamento dos portugueses, o Turismo Centro de Portugal (TCP) lan\u00e7a agora<\/p>\n","protected":false},"author":16,"featured_media":11986,"comment_status":"open","ping_status":"open","sticky":false,"template":"","format":"standard","meta":[],"categories":[15,1,399],"tags":[563,153,2160],"_links":{"self":[{"href":"https:\/\/www1.esev.ipv.pt\/dacomunicacao\/index.php?rest_route=\/wp\/v2\/posts\/11985"}],"collection":[{"href":"https:\/\/www1.esev.ipv.pt\/dacomunicacao\/index.php?rest_route=\/wp\/v2\/posts"}],"about":[{"href":"https:\/\/www1.esev.ipv.pt\/dacomunicacao\/index.php?rest_route=\/wp\/v2\/types\/post"}],"author":[{"embeddable":true,"href":"https:\/\/www1.esev.ipv.pt\/dacomunicacao\/index.php?rest_route=\/wp\/v2\/users\/16"}],"replies":[{"embeddable":true,"href":"https:\/\/www1.esev.ipv.pt\/dacomunicacao\/index.php?rest_route=%2Fwp%2Fv2%2Fcomments&post=11985"}],"version-history":[{"count":3,"href":"https:\/\/www1.esev.ipv.pt\/dacomunicacao\/index.php?rest_route=\/wp\/v2\/posts\/11985\/revisions"}],"predecessor-version":[{"id":12030,"href":"https:\/\/www1.esev.ipv.pt\/dacomunicacao\/index.php?rest_route=\/wp\/v2\/posts\/11985\/revisions\/12030"}],"wp:featuredmedia":[{"embeddable":true,"href":"https:\/\/www1.esev.ipv.pt\/dacomunicacao\/index.php?rest_route=\/wp\/v2\/media\/11986"}],"wp:attachment":[{"href":"https:\/\/www1.esev.ipv.pt\/dacomunicacao\/index.php?rest_route=%2Fwp%2Fv2%2Fmedia&parent=11985"}],"wp:term":[{"taxonomy":"category","embeddable":true,"href":"https:\/\/www1.esev.ipv.pt\/dacomunicacao\/index.php?rest_route=%2Fwp%2Fv2%2Fcategories&post=11985"},{"taxonomy":"post_tag","embeddable":true,"href":"https:\/\/www1.esev.ipv.pt\/dacomunicacao\/index.php?rest_route=%2Fwp%2Fv2%2Ftags&post=11985"}],"curies":[{"name":"wp","href":"https:\/\/api.w.org\/{rel}","templated":true}]}}