{"id":11858,"date":"2021-02-16T11:50:08","date_gmt":"2021-02-16T11:50:08","guid":{"rendered":"http:\/\/www.esev.ipv.pt\/dacomunicacao\/?p=11858"},"modified":"2021-02-18T12:27:22","modified_gmt":"2021-02-18T12:27:22","slug":"piscinas-termais-de-agua-quente-vao-nascer-em-castro-daire","status":"publish","type":"post","link":"https:\/\/www1.esev.ipv.pt\/dacomunicacao\/?p=11858","title":{"rendered":"Piscinas termais de \u00e1gua quente v\u00e3o nascer em Castro Daire"},"content":{"rendered":"\n<p style=\"text-align:left\"><strong><em>Um complexo com tr\u00eas piscinas termais de \u00e1gua quente ao ar livre vai surgir nas Termas de Carvalhal, em Castro Daire.<\/em><\/strong><\/p>\n\n\n\n<p><strong>Por M\u00f3nica Costa<\/strong><\/p>\n\n\n\n<p>A obra ronda os cerca de 750 mil euros e conta com um financiamento, a fundo perdido, do Turismo do Centro, no valor de 300 mil euros. Espera-se que esteja conclu\u00edda j\u00e1 no ver\u00e3o de 2022, devendo o concurso para a empreitada ser lan\u00e7ada dentro dos pr\u00f3ximos 45 dias. <\/p>\n\n\n\n<p>Segundo o presidente da C\u00e2mara de Castro Daire, Paulo Almeida, as piscinas termais de \u00e1gua quente ao ar livre, ser\u00e3o constru\u00eddas num contexto gran\u00edtico j\u00e1 existente. De referir ainda que constru\u00e7\u00e3o semelhante existe apenas nos A\u00e7ores. <\/p>\n\n\n\n<p>O projeto abrange ainda um percurso pedonal envidra\u00e7ado, que termina em moinhos de \u00e1gua antigos, que ser\u00e3o transformados num spa com sauna e jacuzzi.<\/p>\n\n\n\n<p>A aposta na \u00e1rea do turismo que\nest\u00e1 a ser feita pela autarquia de Castro-daire \u00e9 fort\u00edssima, uma vez que este\n\u00e9 um projeto inovador, n\u00e3o s\u00f3 para o concelho, mas para toda a regi\u00e3o centro. <\/p>\n\n\n\n<p>Paulo Almeida, acredita que o\ncomplexo \u201cser\u00e1 um sucesso\u201d, pois as Termas do Carvalhal encontram-se a apenas\n100 metros de um acesso \u00e0 A24, n\u00e3o obstante a boa qualidade as \u00e1guas termais e\ndos recursos humanos. <\/p>\n","protected":false},"excerpt":{"rendered":"<p>Um complexo com tr\u00eas piscinas termais de \u00e1gua quente ao ar livre vai surgir nas Termas de Carvalhal, em Castro<\/p>\n","protected":false},"author":15,"featured_media":11859,"comment_status":"open","ping_status":"open","sticky":false,"template":"","format":"standard","meta":[],"categories":[399,462],"tags":[3413,3292,1030,153],"_links":{"self":[{"href":"https:\/\/www1.esev.ipv.pt\/dacomunicacao\/index.php?rest_route=\/wp\/v2\/posts\/11858"}],"collection":[{"href":"https:\/\/www1.esev.ipv.pt\/dacomunicacao\/index.php?rest_route=\/wp\/v2\/posts"}],"about":[{"href":"https:\/\/www1.esev.ipv.pt\/dacomunicacao\/index.php?rest_route=\/wp\/v2\/types\/post"}],"author":[{"embeddable":true,"href":"https:\/\/www1.esev.ipv.pt\/dacomunicacao\/index.php?rest_route=\/wp\/v2\/users\/15"}],"replies":[{"embeddable":true,"href":"https:\/\/www1.esev.ipv.pt\/dacomunicacao\/index.php?rest_route=%2Fwp%2Fv2%2Fcomments&post=11858"}],"version-history":[{"count":2,"href":"https:\/\/www1.esev.ipv.pt\/dacomunicacao\/index.php?rest_route=\/wp\/v2\/posts\/11858\/revisions"}],"predecessor-version":[{"id":11915,"href":"https:\/\/www1.esev.ipv.pt\/dacomunicacao\/index.php?rest_route=\/wp\/v2\/posts\/11858\/revisions\/11915"}],"wp:featuredmedia":[{"embeddable":true,"href":"https:\/\/www1.esev.ipv.pt\/dacomunicacao\/index.php?rest_route=\/wp\/v2\/media\/11859"}],"wp:attachment":[{"href":"https:\/\/www1.esev.ipv.pt\/dacomunicacao\/index.php?rest_route=%2Fwp%2Fv2%2Fmedia&parent=11858"}],"wp:term":[{"taxonomy":"category","embeddable":true,"href":"https:\/\/www1.esev.ipv.pt\/dacomunicacao\/index.php?rest_route=%2Fwp%2Fv2%2Fcategories&post=11858"},{"taxonomy":"post_tag","embeddable":true,"href":"https:\/\/www1.esev.ipv.pt\/dacomunicacao\/index.php?rest_route=%2Fwp%2Fv2%2Ftags&post=11858"}],"curies":[{"name":"wp","href":"https:\/\/api.w.org\/{rel}","templated":true}]}}