{"id":1165,"date":"2017-05-07T16:06:16","date_gmt":"2017-05-07T16:06:16","guid":{"rendered":"http:\/\/www.esev.ipv.pt\/dacomunicacao\/?p=1165"},"modified":"2017-05-07T16:06:16","modified_gmt":"2017-05-07T16:06:16","slug":"reflexao-sobre-o-jornalismo-especializado","status":"publish","type":"post","link":"https:\/\/www1.esev.ipv.pt\/dacomunicacao\/?p=1165","title":{"rendered":"Reflex\u00e3o sobre o Jornalismo Especializado"},"content":{"rendered":"<p><strong>\u201cComunica\u00e7\u00e3o Social em alta-voz\u201d foi o tema escolhido este ano, para o programa de atividades dos dias dedicados a este curso da Escola Superior de Educa\u00e7\u00e3o de Viseu.<\/strong><\/p>\n<p>No \u00e2mbito dos dias de Comunica\u00e7\u00e3o Social, realizados na Escola Superior de Educa\u00e7\u00e3o de Viseu (ESEV), foi realizado um encontro de Jornalismo Especializado, tendo como oradoras tr\u00eas alunas do 3\u00ba ano desta licenciatura. Em virtude dos trabalhos elaborados na unidade curricular de Jornalismo Especializado, lecionada por Joana Martins, as tr\u00eas estudantes foram convidadas a expor os seus trabalhos finais da disciplina.<\/p>\n<p><img loading=\"lazy\" class=\"alignnone size-medium wp-image-1167\" src=\"http:\/\/www.esev.ipv.pt\/dacomunicacao\/wp-content\/uploads\/2017\/05\/17973807_10208345738755264_5094288525107459326_o-300x200.jpg\" alt=\"\" width=\"300\" height=\"200\" srcset=\"https:\/\/www1.esev.ipv.pt\/dacomunicacao\/wp-content\/uploads\/2017\/05\/17973807_10208345738755264_5094288525107459326_o-300x200.jpg 300w, https:\/\/www1.esev.ipv.pt\/dacomunicacao\/wp-content\/uploads\/2017\/05\/17973807_10208345738755264_5094288525107459326_o-768x512.jpg 768w, https:\/\/www1.esev.ipv.pt\/dacomunicacao\/wp-content\/uploads\/2017\/05\/17973807_10208345738755264_5094288525107459326_o-1024x683.jpg 1024w, https:\/\/www1.esev.ipv.pt\/dacomunicacao\/wp-content\/uploads\/2017\/05\/17973807_10208345738755264_5094288525107459326_o.jpg 2048w\" sizes=\"(max-width: 300px) 100vw, 300px\" \/><\/p>\n<p>Cristiana Pina refletiu sobre o jornalismo desportivo, dando destaque \u00e0 forma como A Bola, O Jogo e o Record escrevem atualmente e quais as \u00e1reas do desporto que mais relatam. A ideia de que cada jornal tem um clube associado, foi comprovada pela estudante, ao mostrar a an\u00e1lise feita \u00e0s manchetes das capas dos jornais, em v\u00e1rios dias. A oradora conclui ainda que \u00e9 o futebol que merece maior cobertura dos jornais desportivos, sobretudo os \u201ctr\u00eas grandes\u201d, da\u00ed que grande parte das primeiras p\u00e1ginas se referem a futebol nacional.<\/p>\n<p>Para expor a sua reflex\u00e3o acerca de como o jornalismo atua na \u00e1rea da Economia, Andreia Freitas apresentou o seu trabalho sobre o jornal Econ\u00f3mico, o Jornal de Neg\u00f3cios e o regional Jornal do Centro. Perante a sua an\u00e1lise \u00e0s diferentes publica\u00e7\u00f5es, a oradora refere que \u201cas pessoas d\u00e3o muita import\u00e2ncia \u00e0 economia\u201d. Ao analisar o Jornal do Centro percebeu a exist\u00eancia constante de not\u00edcias econ\u00f3micas na primeira p\u00e1gina. A conclus\u00e3o final a que Andreia d\u00e1 mais destaque e que se apercebeu, depois de realizado um inqu\u00e9rito, \u00e9 que a linguagem dos jornais econ\u00f3micos n\u00e3o \u00e9 acess\u00edvel, o que leva a diminui\u00e7\u00e3o da compra dos mesmos.<\/p>\n<p><img loading=\"lazy\" class=\"alignnone size-medium wp-image-1166\" src=\"http:\/\/www.esev.ipv.pt\/dacomunicacao\/wp-content\/uploads\/2017\/05\/17973775_10208345756395705_4513162755233513118_o-300x200.jpg\" alt=\"\" width=\"300\" height=\"200\" srcset=\"https:\/\/www1.esev.ipv.pt\/dacomunicacao\/wp-content\/uploads\/2017\/05\/17973775_10208345756395705_4513162755233513118_o-300x200.jpg 300w, https:\/\/www1.esev.ipv.pt\/dacomunicacao\/wp-content\/uploads\/2017\/05\/17973775_10208345756395705_4513162755233513118_o-768x512.jpg 768w, https:\/\/www1.esev.ipv.pt\/dacomunicacao\/wp-content\/uploads\/2017\/05\/17973775_10208345756395705_4513162755233513118_o-1024x683.jpg 1024w, https:\/\/www1.esev.ipv.pt\/dacomunicacao\/wp-content\/uploads\/2017\/05\/17973775_10208345756395705_4513162755233513118_o.jpg 2048w\" sizes=\"(max-width: 300px) 100vw, 300px\" \/><\/p>\n<p>Para falar de jornalismo pol\u00edtico, Ana Formigo exp\u00f4s a sua an\u00e1lise feita a diferentes jornais e revistas, acerca da vit\u00f3ria de Donald Trump para a presid\u00eancia dos Estados Unidos. A oradora concluiu que a cobertura medi\u00e1tica que se deu ao assunto foi de surpresa por parte de todos os meios de comunica\u00e7\u00e3o, considerando que houve escassez de investiga\u00e7\u00e3o pelos jornalistas. Formigo refletiu ainda sobre o facto de na data da nomea\u00e7\u00e3o oficial de Trump, a maior parte da imprensa portuguesa n\u00e3o ter dado destaque ao tema.<\/p>\n<p><strong>Texto: Rute Monteiro<\/strong><\/p>\n<p><strong>Fotos: Beatriz Quinteiro<\/strong><\/p>\n","protected":false},"excerpt":{"rendered":"<p>\u201cComunica\u00e7\u00e3o Social em alta-voz\u201d foi o tema escolhido este ano, para o programa de atividades dos dias dedicados a este<\/p>\n","protected":false},"author":4,"featured_media":1168,"comment_status":"open","ping_status":"open","sticky":false,"template":"","format":"standard","meta":[],"categories":[10],"tags":[368,366],"_links":{"self":[{"href":"https:\/\/www1.esev.ipv.pt\/dacomunicacao\/index.php?rest_route=\/wp\/v2\/posts\/1165"}],"collection":[{"href":"https:\/\/www1.esev.ipv.pt\/dacomunicacao\/index.php?rest_route=\/wp\/v2\/posts"}],"about":[{"href":"https:\/\/www1.esev.ipv.pt\/dacomunicacao\/index.php?rest_route=\/wp\/v2\/types\/post"}],"author":[{"embeddable":true,"href":"https:\/\/www1.esev.ipv.pt\/dacomunicacao\/index.php?rest_route=\/wp\/v2\/users\/4"}],"replies":[{"embeddable":true,"href":"https:\/\/www1.esev.ipv.pt\/dacomunicacao\/index.php?rest_route=%2Fwp%2Fv2%2Fcomments&post=1165"}],"version-history":[{"count":1,"href":"https:\/\/www1.esev.ipv.pt\/dacomunicacao\/index.php?rest_route=\/wp\/v2\/posts\/1165\/revisions"}],"predecessor-version":[{"id":1169,"href":"https:\/\/www1.esev.ipv.pt\/dacomunicacao\/index.php?rest_route=\/wp\/v2\/posts\/1165\/revisions\/1169"}],"wp:featuredmedia":[{"embeddable":true,"href":"https:\/\/www1.esev.ipv.pt\/dacomunicacao\/index.php?rest_route=\/wp\/v2\/media\/1168"}],"wp:attachment":[{"href":"https:\/\/www1.esev.ipv.pt\/dacomunicacao\/index.php?rest_route=%2Fwp%2Fv2%2Fmedia&parent=1165"}],"wp:term":[{"taxonomy":"category","embeddable":true,"href":"https:\/\/www1.esev.ipv.pt\/dacomunicacao\/index.php?rest_route=%2Fwp%2Fv2%2Fcategories&post=1165"},{"taxonomy":"post_tag","embeddable":true,"href":"https:\/\/www1.esev.ipv.pt\/dacomunicacao\/index.php?rest_route=%2Fwp%2Fv2%2Ftags&post=1165"}],"curies":[{"name":"wp","href":"https:\/\/api.w.org\/{rel}","templated":true}]}}