{"id":11149,"date":"2020-12-15T20:36:01","date_gmt":"2020-12-15T20:36:01","guid":{"rendered":"http:\/\/www.esev.ipv.pt\/dacomunicacao\/?p=11149"},"modified":"2020-12-15T20:36:05","modified_gmt":"2020-12-15T20:36:05","slug":"dia-das-empresas-no-instituto-politecnico-de-viseu","status":"publish","type":"post","link":"https:\/\/www1.esev.ipv.pt\/dacomunicacao\/?p=11149","title":{"rendered":"Dia das empresas no Instituto Polit\u00e9cnico de Viseu"},"content":{"rendered":"\n<p><strong><em>O Departamento de Inform\u00e1tica da Escola Superior de Tecnologia e Gest\u00e3o de Viseu, do Instituto Polit\u00e9cnico, promove no pr\u00f3ximo dia 16 de dezembro, pelas 9h00, o Dia das empresas<\/em><\/strong><\/p>\n\n\n\n<p>Por M\u00e1rcia Correia <\/p>\n\n\n\n<p>O evento tem como principal objetivo a aproxima\u00e7\u00e3o dos alunos\nao tecido empresarial nas \u00e1reas de Tecnologia de Informa\u00e7\u00e3o\/Sistemas de\nInforma\u00e7\u00e3o. Conta com a participa\u00e7\u00e3o de v\u00e1rias empresas, a Critical Software,\nTomi Portugal, Bizdirect, Softinsa, PromptEquation, Deloitte, Inovaria \u2013 Altice\nLabs, Ename, HUF, 2Play+ e Findmore. <\/p>\n\n\n\n<p>Pelas 9h00 d\u00e1-se a sess\u00e3o de abertura e logo a seguir as\napresenta\u00e7\u00f5es das empresas, com dura\u00e7\u00e3o m\u00e1xima de 30 minutos. As organiza\u00e7\u00f5es\nir\u00e3o apresentar as suas atividades, propostas de est\u00e1gio e o perfil de\ncandidatos pretendido. A iniciativa est\u00e1 prevista terminar \u00e0s 17h30 com uma\nsess\u00e3o de encerramento.<\/p>\n\n\n\n<p>Seguindo todas as normas da Dire\u00e7\u00e3o Geral da Sa\u00fade, o evento\nser\u00e1 online e ter\u00e1 o formato de uma feira de emprego e est\u00e1gios, onde os alunos\nfinalistas e diplomados podem candidatar-se \u00e0s ofertas apresentadas pelas\norganiza\u00e7\u00f5es empresariais.<\/p>\n","protected":false},"excerpt":{"rendered":"<p>O Departamento de Inform\u00e1tica da Escola Superior de Tecnologia e Gest\u00e3o de Viseu, do Instituto Polit\u00e9cnico, promove no pr\u00f3ximo dia<\/p>\n","protected":false},"author":9,"featured_media":11150,"comment_status":"open","ping_status":"open","sticky":false,"template":"","format":"standard","meta":[],"categories":[399,11],"tags":[1797,188],"_links":{"self":[{"href":"https:\/\/www1.esev.ipv.pt\/dacomunicacao\/index.php?rest_route=\/wp\/v2\/posts\/11149"}],"collection":[{"href":"https:\/\/www1.esev.ipv.pt\/dacomunicacao\/index.php?rest_route=\/wp\/v2\/posts"}],"about":[{"href":"https:\/\/www1.esev.ipv.pt\/dacomunicacao\/index.php?rest_route=\/wp\/v2\/types\/post"}],"author":[{"embeddable":true,"href":"https:\/\/www1.esev.ipv.pt\/dacomunicacao\/index.php?rest_route=\/wp\/v2\/users\/9"}],"replies":[{"embeddable":true,"href":"https:\/\/www1.esev.ipv.pt\/dacomunicacao\/index.php?rest_route=%2Fwp%2Fv2%2Fcomments&post=11149"}],"version-history":[{"count":1,"href":"https:\/\/www1.esev.ipv.pt\/dacomunicacao\/index.php?rest_route=\/wp\/v2\/posts\/11149\/revisions"}],"predecessor-version":[{"id":11151,"href":"https:\/\/www1.esev.ipv.pt\/dacomunicacao\/index.php?rest_route=\/wp\/v2\/posts\/11149\/revisions\/11151"}],"wp:featuredmedia":[{"embeddable":true,"href":"https:\/\/www1.esev.ipv.pt\/dacomunicacao\/index.php?rest_route=\/wp\/v2\/media\/11150"}],"wp:attachment":[{"href":"https:\/\/www1.esev.ipv.pt\/dacomunicacao\/index.php?rest_route=%2Fwp%2Fv2%2Fmedia&parent=11149"}],"wp:term":[{"taxonomy":"category","embeddable":true,"href":"https:\/\/www1.esev.ipv.pt\/dacomunicacao\/index.php?rest_route=%2Fwp%2Fv2%2Fcategories&post=11149"},{"taxonomy":"post_tag","embeddable":true,"href":"https:\/\/www1.esev.ipv.pt\/dacomunicacao\/index.php?rest_route=%2Fwp%2Fv2%2Ftags&post=11149"}],"curies":[{"name":"wp","href":"https:\/\/api.w.org\/{rel}","templated":true}]}}