{"id":10707,"date":"2020-11-22T17:30:04","date_gmt":"2020-11-22T17:30:04","guid":{"rendered":"http:\/\/www.esev.ipv.pt\/dacomunicacao\/?p=10707"},"modified":"2020-11-22T17:30:08","modified_gmt":"2020-11-22T17:30:08","slug":"festival-mimo-e-um-sucesso-em-amarante","status":"publish","type":"post","link":"https:\/\/www1.esev.ipv.pt\/dacomunicacao\/?p=10707","title":{"rendered":"Festival MIMO \u00e9 um sucesso em Amarante"},"content":{"rendered":"\n<p><strong><em>O Festival MIMO, de origem brasileira, instalou-se na cidade de Amarante, no distrito do Porto, em 2016 e, desde ent\u00e3o, tem sido um sucesso n\u00e3o s\u00f3 para os amarantinos, mas tamb\u00e9m para pessoas de diversos cantos do mundo, que n\u00e3o querem perder que, de acordo com a organiza\u00e7\u00e3o do festival ao vivo, tem sido grandioso e imperd\u00edvel. <\/em><\/strong><\/p>\n\n\n\n<p><strong>Por Mariana Gon\u00e7alves<\/strong><\/p>\n\n\n\n<p>As pessoas que visitam o MIMO podem usufruir de in\u00fameras\natividades durante o dia, como concertos, sess\u00e3o de cinema, programa educativo,\nchuva de poesia e f\u00f3runs de ideias, tudo de forma gratuita. Este evento promete\num car\u00e1ter cultural, pedag\u00f3gico, social e tamb\u00e9m econ\u00f3mico, em Amarante e em\ntoda a regi\u00e3o.<\/p>\n\n\n\n<p><strong>A escolha da\ncidade<\/strong><\/p>\n\n\n\n<p>L\u00fa Ara\u00fajo, diretora geral do MIMO, confessa ao canal da Amarante TV que escolheu a cidade de Amarante para acolher o festival pois \u201c\u00e9 uma cidade linda, tem um patrim\u00f3nio maravilhoso (\u2026) e ainda tem muito verde, com o Rio T\u00e2mega que \u00e9 m\u00e1gico\u201d. L\u00fa Ara\u00fajo revela ainda que se sente apaixonada pela cidade.<\/p>\n\n\n\n<p>O presidente da C\u00e2mara de Amarante, Jos\u00e9 Lu\u00eds Gaspar, aceitou de bom grado a proposta feita por L\u00fa Ara\u00fajo para implantar o Festival MIMO na cidade de Amarante, afirmando ainda que \u201c\u00e9 um evento de excel\u00eancia que agrega v\u00e1rias artes e o patrim\u00f3nio, democratizando o acesso \u00e0 cultura\u201d, confessou \u00e0 Comunidade Cultura e Arte.<\/p>\n\n\n\n<p>A diretora do festival acrescenta que<strong>\u201c\u00e9 sempre com grande emo\u00e7\u00e3o que vemos milhares de pessoas a viverem a\narte de forma t\u00e3o intensa e diversa. O MIMO Festival \u00e9 positivo, inclusivo,\ndemocr\u00e1tico e abrangente, faz parte de Amarante e dos amarantinos, mas tamb\u00e9m\ndos milhares de pessoas que nos visitam anualmente\u201d. <\/strong><\/p>\n\n\n\n<p><strong>A aposta em Amarante foi uma boa escolha por parte da organiza\u00e7\u00e3o e confessa que est\u00e1 feliz por ver o interior do pa\u00eds no mapa dos festivais de ver\u00e3o. Em quatro anos, o festival conseguiu conquistar o p\u00fablico e os artistas n\u00e3o deixam de passar por Amarante para dar os seus concertos.<\/strong><\/p>\n\n\n\n<p><\/p>\n\n\n\n<p><strong>Festival MIMO, uma forma de inclus\u00e3o cultural<\/strong><strong><\/strong><\/p>\n\n\n\n<p>O festival conta com diversos estilos musicais (hip-hop, rap, rock, jazz, funk, e at\u00e9 m\u00fasica tradicional da Palestina), pois este evento associa a m\u00fasica ao patrim\u00f3nio e \u00e0 educa\u00e7\u00e3o. Desta forma, o festival tenta incluir todo o tipo de pessoas e toda a sua cultura. Ao longo destas 4 edi\u00e7\u00f5es j\u00e1 se apresentaram artistas como Rui Veloso, Criolo, Capicua, Mayra Andrade, Manel Cruz, Eaberto Gismonti, Caman\u00e9, Dona Onete, Chico da Tina, entre outros.<\/p>\n\n\n\n<p>As \u201ccabe\u00e7as de cartaz\u201d normalmente atuam no palco principal localizado no Parque do Ribeirinho, no entanto, existem ainda alguns palcos secund\u00e1rios com atua\u00e7\u00f5es espalhadas pela cidade, como no Museu de Amadeo de Souza-Cardoso e nas Igrejas de S\u00e3o Gon\u00e7alo e de S\u00e3o Pedro.<\/p>\n\n\n\n<p>O Festival MIMO ocorre sempre num fim de semana do m\u00eas de julho e \u00e9 visto pelo Presidente da C\u00e2mara de Amarante, Jos\u00e9 Lu\u00eds Gaspar como \u201cum dos melhores festivais de Portugal e tamb\u00e9m uma das iniciativas culturais mais interessantes do nosso pa\u00eds\u201d. <\/p>\n\n\n\n<p>Nos anos de 2018 e 2019, o festival foi vencedor do pr\u00e9mio <em>Best Infraestructure <\/em>e, ainda est\u00e1 no Top 10 na categoria de Melhor Festival Lus\u00f3fono e Hisp\u00e2nico, nos <em>Iberian Festival Awards.<\/em><\/p>\n\n\n\n<p>Embora, em 2020, &nbsp;a quinta edi\u00e7\u00e3o do festival n\u00e3o se tenha devido \u00e0 pandemia que o mundo atravessa, j\u00e1 h\u00e1 confirma\u00e7\u00e3o para o Festival MIMO na cidade de Amarante em 2021. <\/p>\n","protected":false},"excerpt":{"rendered":"<p>O Festival MIMO, de origem brasileira, instalou-se na cidade de Amarante, no distrito do Porto, em 2016 e, desde ent\u00e3o,<\/p>\n","protected":false},"author":4,"featured_media":10709,"comment_status":"open","ping_status":"open","sticky":false,"template":"","format":"standard","meta":[],"categories":[15,1],"tags":[661,117,3127,72],"_links":{"self":[{"href":"https:\/\/www1.esev.ipv.pt\/dacomunicacao\/index.php?rest_route=\/wp\/v2\/posts\/10707"}],"collection":[{"href":"https:\/\/www1.esev.ipv.pt\/dacomunicacao\/index.php?rest_route=\/wp\/v2\/posts"}],"about":[{"href":"https:\/\/www1.esev.ipv.pt\/dacomunicacao\/index.php?rest_route=\/wp\/v2\/types\/post"}],"author":[{"embeddable":true,"href":"https:\/\/www1.esev.ipv.pt\/dacomunicacao\/index.php?rest_route=\/wp\/v2\/users\/4"}],"replies":[{"embeddable":true,"href":"https:\/\/www1.esev.ipv.pt\/dacomunicacao\/index.php?rest_route=%2Fwp%2Fv2%2Fcomments&post=10707"}],"version-history":[{"count":1,"href":"https:\/\/www1.esev.ipv.pt\/dacomunicacao\/index.php?rest_route=\/wp\/v2\/posts\/10707\/revisions"}],"predecessor-version":[{"id":10710,"href":"https:\/\/www1.esev.ipv.pt\/dacomunicacao\/index.php?rest_route=\/wp\/v2\/posts\/10707\/revisions\/10710"}],"wp:featuredmedia":[{"embeddable":true,"href":"https:\/\/www1.esev.ipv.pt\/dacomunicacao\/index.php?rest_route=\/wp\/v2\/media\/10709"}],"wp:attachment":[{"href":"https:\/\/www1.esev.ipv.pt\/dacomunicacao\/index.php?rest_route=%2Fwp%2Fv2%2Fmedia&parent=10707"}],"wp:term":[{"taxonomy":"category","embeddable":true,"href":"https:\/\/www1.esev.ipv.pt\/dacomunicacao\/index.php?rest_route=%2Fwp%2Fv2%2Fcategories&post=10707"},{"taxonomy":"post_tag","embeddable":true,"href":"https:\/\/www1.esev.ipv.pt\/dacomunicacao\/index.php?rest_route=%2Fwp%2Fv2%2Ftags&post=10707"}],"curies":[{"name":"wp","href":"https:\/\/api.w.org\/{rel}","templated":true}]}}