{"id":10652,"date":"2020-11-17T19:39:22","date_gmt":"2020-11-17T19:39:22","guid":{"rendered":"http:\/\/www.esev.ipv.pt\/dacomunicacao\/?p=10652"},"modified":"2020-11-17T19:50:08","modified_gmt":"2020-11-17T19:50:08","slug":"oliveira-de-frades-primeira-sessao-de-esclarecimento-sobre-o-orcamento-participativo","status":"publish","type":"post","link":"https:\/\/www1.esev.ipv.pt\/dacomunicacao\/?p=10652","title":{"rendered":"Oliveira de Frades: primeira sess\u00e3o de esclarecimento sobre o Or\u00e7amento Participativo"},"content":{"rendered":"\n<p><strong><em>Na passada quarta-feira, dia 11 de novembro, decorreu a primeira sess\u00e3o de esclarecimento online sobre o Or\u00e7amento Participativo pelo munic\u00edpio de Oliveira de Frades.<\/em><\/strong><\/p>\n\n\n\n<p><strong><em>Por Juliana Santos<\/em><\/strong><\/p>\n\n\n\n<p>A reuni\u00e3o contou com a presen\u00e7a da Vereadora da C\u00e2mara Municipal, Clara Vieira, do Adjunto do Gabinete de Apoio \u00e0 Presid\u00eancia, Jo\u00e3o Figueiredo, da Consultora da empresa respons\u00e1vel pelo desenvolvimento da plataforma deste projeto, Paula Rodrigues e da comunidade local que se associou a esta iniciativa.<\/p>\n\n\n\n<p>Os mun\u00edcipes puderam colocar as suas d\u00favidas e desta forma serem esclarecidos sobre o modo como funciona o Or\u00e7amento Participativo de Oliveira de Frades. O objetivo \u00e9 que toda a comunidade participe e intervenha, estimulando as suas ideias, projetos e propostas para contribuir para uma melhor qualidade de vida para o concelho.<\/p>\n\n\n\n<p> A primeira sess\u00e3o j\u00e1 se encontra dispon\u00edvel atrav\u00e9s do <a href=\"https:\/\/www.facebook.com\/ParticipaOF\/videos\/1518124608381718 \">link<\/a> para quem se quiser informar de todos os assuntos abordados e esclarecer alguma d\u00favida que possa ter. <\/p>\n\n\n\n<p>A pr\u00f3xima sess\u00e3o ir\u00e1 ocorrer na pr\u00f3xima quarta-feira, dia 18 de novembro, \u00e0s 18h30 atrav\u00e9s do <a href=\"http:\/\/ facebook.com\/participaof\">link<\/a>. O munic\u00edpio de Oliveira de Frades apela \u00e0 participa\u00e7\u00e3o ativa de toda a comunidade. <\/p>\n","protected":false},"excerpt":{"rendered":"<p>Na passada quarta-feira, dia 11 de novembro, decorreu a primeira sess\u00e3o de esclarecimento online sobre o Or\u00e7amento Participativo pelo munic\u00edpio<\/p>\n","protected":false},"author":10,"featured_media":10658,"comment_status":"open","ping_status":"open","sticky":false,"template":"","format":"standard","meta":[],"categories":[15,1,462],"tags":[171,32],"_links":{"self":[{"href":"https:\/\/www1.esev.ipv.pt\/dacomunicacao\/index.php?rest_route=\/wp\/v2\/posts\/10652"}],"collection":[{"href":"https:\/\/www1.esev.ipv.pt\/dacomunicacao\/index.php?rest_route=\/wp\/v2\/posts"}],"about":[{"href":"https:\/\/www1.esev.ipv.pt\/dacomunicacao\/index.php?rest_route=\/wp\/v2\/types\/post"}],"author":[{"embeddable":true,"href":"https:\/\/www1.esev.ipv.pt\/dacomunicacao\/index.php?rest_route=\/wp\/v2\/users\/10"}],"replies":[{"embeddable":true,"href":"https:\/\/www1.esev.ipv.pt\/dacomunicacao\/index.php?rest_route=%2Fwp%2Fv2%2Fcomments&post=10652"}],"version-history":[{"count":1,"href":"https:\/\/www1.esev.ipv.pt\/dacomunicacao\/index.php?rest_route=\/wp\/v2\/posts\/10652\/revisions"}],"predecessor-version":[{"id":10654,"href":"https:\/\/www1.esev.ipv.pt\/dacomunicacao\/index.php?rest_route=\/wp\/v2\/posts\/10652\/revisions\/10654"}],"wp:featuredmedia":[{"embeddable":true,"href":"https:\/\/www1.esev.ipv.pt\/dacomunicacao\/index.php?rest_route=\/wp\/v2\/media\/10658"}],"wp:attachment":[{"href":"https:\/\/www1.esev.ipv.pt\/dacomunicacao\/index.php?rest_route=%2Fwp%2Fv2%2Fmedia&parent=10652"}],"wp:term":[{"taxonomy":"category","embeddable":true,"href":"https:\/\/www1.esev.ipv.pt\/dacomunicacao\/index.php?rest_route=%2Fwp%2Fv2%2Fcategories&post=10652"},{"taxonomy":"post_tag","embeddable":true,"href":"https:\/\/www1.esev.ipv.pt\/dacomunicacao\/index.php?rest_route=%2Fwp%2Fv2%2Ftags&post=10652"}],"curies":[{"name":"wp","href":"https:\/\/api.w.org\/{rel}","templated":true}]}}