{"id":10647,"date":"2020-11-17T18:19:48","date_gmt":"2020-11-17T18:19:48","guid":{"rendered":"http:\/\/www.esev.ipv.pt\/dacomunicacao\/?p=10647"},"modified":"2020-11-17T18:58:55","modified_gmt":"2020-11-17T18:58:55","slug":"politecnico-de-viseu-apresenta-a-nova-marca-pv","status":"publish","type":"post","link":"https:\/\/www1.esev.ipv.pt\/dacomunicacao\/?p=10647","title":{"rendered":"Polit\u00e9cnico de Viseu apresenta a nova Marca PV"},"content":{"rendered":"\n<p><strong><em>Depois de 40 anos de exist\u00eancia, o Polit\u00e9cnico de Viseu apresenta a nova Marca PV pela united by, na pr\u00f3xima sexta-feira, 20 de novembro pelas 15 horas.<\/em><\/strong><\/p>\n\n\n\n<p><strong><em>Por Ana Francisca Oliveira<\/em><\/strong><\/p>\n\n\n\n<p>No ano em que assinala os seus 40 anos, o Polit\u00e9cnico de Viseu apresenta a sua marca, integrando a evolu\u00e7\u00e3o org\u00e2nica natural das suas escolas e projetos, bem como a hist\u00f3ria da cidade. A Marca PV tem a assinatura da united by, que teve a miss\u00e3o de pensar uma marca e conceito diferentes e contempor\u00e2neos, por\u00e9m simples, representando a miss\u00e3o do Polit\u00e9cnico.<\/p>\n\n\n\n<p>A marca integra n\u00e3o s\u00f3 a miss\u00e3o pedag\u00f3gica, como tamb\u00e9m o car\u00e1cter humano encontrado no ensino superior, representados pela figura do professor e aluno. As hist\u00f3rias da cidade, juntamente com a sua centralidade geogr\u00e1fica, encontram-se representadas na figura mais ic\u00f3nica de Viseu, o Viriato, que para os viseenses e para os estudantes que pela cidade passam, representa for\u00e7a, determina\u00e7\u00e3o e perseveran\u00e7a. Estas duas figuras interligam-se, por fim, atrav\u00e9s da linguagem bin\u00e1ria, que associada ao universo digital, remete para a t\u00e9cnica e tecnologia usadas para ultrapassar desafios e necessidades de amanh\u00e3, criando um futuro melhor.<\/p>\n\n\n\n<p>Fundada em 2010 por Miguel Palmeiro e com sede no Porto, a <em>united by<\/em> integra uma equipa de design interdisciplinar. A sua metodologia privilegia a pesquisa, o pensamento visual e o design estrat\u00e9gico, pontos de partida para resultados que garantem a satisfa\u00e7\u00e3o das expetativas dos\u00a0seus clientes.\u00a0<\/p>\n\n\n\n<p>Toda a comunidade acad\u00e9mica est\u00e1 assim convidada para assistir <a rel=\"noreferrer noopener\" href=\"https:\/\/ipv.us4.list-manage.com\/track\/click?u=43357de60f5dabdf56918914a&amp;id=556f6bb524&amp;e=58860d4410\" target=\"_blank\"><strong>aqui <\/strong><\/a>\u00e0 sua apresenta\u00e7\u00e3o, dia 20 de novembro pelas 15 horas. Para assistir presencialmente \u00e0 sua apresenta\u00e7\u00e3o \u00e9 necess\u00e1rio o preenchimento do seguinte <a rel=\"noreferrer noopener\" href=\"https:\/\/ipv.us4.list-manage.com\/track\/click?u=43357de60f5dabdf56918914a&amp;id=af41cc11a5&amp;e=58860d4410\" target=\"_blank\"><strong>formul\u00e1rio<\/strong><\/a>. <\/p>\n","protected":false},"excerpt":{"rendered":"<p>Depois de 40 anos de exist\u00eancia, o Polit\u00e9cnico de Viseu apresenta a nova Marca PV pela united by, na pr\u00f3xima<\/p>\n","protected":false},"author":10,"featured_media":10648,"comment_status":"open","ping_status":"open","sticky":false,"template":"","format":"standard","meta":[],"categories":[15,1,10,462,11],"tags":[188,3111],"_links":{"self":[{"href":"https:\/\/www1.esev.ipv.pt\/dacomunicacao\/index.php?rest_route=\/wp\/v2\/posts\/10647"}],"collection":[{"href":"https:\/\/www1.esev.ipv.pt\/dacomunicacao\/index.php?rest_route=\/wp\/v2\/posts"}],"about":[{"href":"https:\/\/www1.esev.ipv.pt\/dacomunicacao\/index.php?rest_route=\/wp\/v2\/types\/post"}],"author":[{"embeddable":true,"href":"https:\/\/www1.esev.ipv.pt\/dacomunicacao\/index.php?rest_route=\/wp\/v2\/users\/10"}],"replies":[{"embeddable":true,"href":"https:\/\/www1.esev.ipv.pt\/dacomunicacao\/index.php?rest_route=%2Fwp%2Fv2%2Fcomments&post=10647"}],"version-history":[{"count":2,"href":"https:\/\/www1.esev.ipv.pt\/dacomunicacao\/index.php?rest_route=\/wp\/v2\/posts\/10647\/revisions"}],"predecessor-version":[{"id":10651,"href":"https:\/\/www1.esev.ipv.pt\/dacomunicacao\/index.php?rest_route=\/wp\/v2\/posts\/10647\/revisions\/10651"}],"wp:featuredmedia":[{"embeddable":true,"href":"https:\/\/www1.esev.ipv.pt\/dacomunicacao\/index.php?rest_route=\/wp\/v2\/media\/10648"}],"wp:attachment":[{"href":"https:\/\/www1.esev.ipv.pt\/dacomunicacao\/index.php?rest_route=%2Fwp%2Fv2%2Fmedia&parent=10647"}],"wp:term":[{"taxonomy":"category","embeddable":true,"href":"https:\/\/www1.esev.ipv.pt\/dacomunicacao\/index.php?rest_route=%2Fwp%2Fv2%2Fcategories&post=10647"},{"taxonomy":"post_tag","embeddable":true,"href":"https:\/\/www1.esev.ipv.pt\/dacomunicacao\/index.php?rest_route=%2Fwp%2Fv2%2Ftags&post=10647"}],"curies":[{"name":"wp","href":"https:\/\/api.w.org\/{rel}","templated":true}]}}