{"id":10608,"date":"2020-11-13T22:18:00","date_gmt":"2020-11-13T22:18:00","guid":{"rendered":"http:\/\/www.esev.ipv.pt\/dacomunicacao\/?p=10608"},"modified":"2020-11-13T22:18:05","modified_gmt":"2020-11-13T22:18:05","slug":"municipio-de-castro-daire-e-federacao-portuguesa-de-natacao-desenvolvem-projetos-piloto","status":"publish","type":"post","link":"https:\/\/www1.esev.ipv.pt\/dacomunicacao\/?p=10608","title":{"rendered":"Munic\u00edpio de Castro Daire e Federa\u00e7\u00e3o Portuguesa de Nata\u00e7\u00e3o desenvolvem projetos-piloto"},"content":{"rendered":"\n<p><strong><em>O projeto visa dotar os alunos do ensino b\u00e1sico com compet\u00eancias aqu\u00e1ticas atrav\u00e9s de aulas nas piscinas municipais<\/em><\/strong><\/p>\n\n\n\n<p><strong><em>Por In\u00eas Silva<\/em><\/strong><\/p>\n\n\n\n<p>A C\u00e2mara Municipal de Castro Daire e a Federa\u00e7\u00e3o Portuguesa\nde Nata\u00e7\u00e3o (FPN), Ant\u00f3nio Jos\u00e9 Silva, assinaram esta semana um novo protocolo\npara a cria\u00e7\u00e3o e implementa\u00e7\u00e3o de novos projetos desportivos nas piscinas municipais.\n<\/p>\n\n\n\n<p>Para al\u00e9m da parceria que surge no \u00e2mbito do programa\nPortugal a Nadar, promovido pela FPN, ainda v\u00e3o ser criados dois\nprojetos-piloto com o Agrupamento Vertical de Escolas de Castro Daire, que\nconsistem na \u201catribui\u00e7\u00e3o de compet\u00eancias aqu\u00e1ticas aos alunos do 1\u00ba Ciclo do\nEnsino B\u00e1sico, assim como a cria\u00e7\u00e3o da Escola Municipal de Nata\u00e7\u00e3o Adaptada de\nCastro Daire\u201d, declarou a FPN.<\/p>\n\n\n\n<p>Ant\u00f3nio Jos\u00e9 Silva, presidente da FPN, e Pedro Pontes,\nvereador da C\u00e2mara Municipal de Castro Daire, reuniram ainda com o embaixador\nda Escola de Nata\u00e7\u00e3o Adaptada, e nadador integrado no projeto Paral\u00edmpico,\nMarco Meneses e com Armando Costa, treinador e coordenador t\u00e9cnico das Piscinas\nMunicipais de Castro Daire.<\/p>\n","protected":false},"excerpt":{"rendered":"<p>O projeto visa dotar os alunos do ensino b\u00e1sico com compet\u00eancias aqu\u00e1ticas atrav\u00e9s de aulas nas piscinas municipais Por In\u00eas<\/p>\n","protected":false},"author":9,"featured_media":10609,"comment_status":"open","ping_status":"open","sticky":false,"template":"","format":"standard","meta":[],"categories":[13,462],"tags":[1556,3095,930],"_links":{"self":[{"href":"https:\/\/www1.esev.ipv.pt\/dacomunicacao\/index.php?rest_route=\/wp\/v2\/posts\/10608"}],"collection":[{"href":"https:\/\/www1.esev.ipv.pt\/dacomunicacao\/index.php?rest_route=\/wp\/v2\/posts"}],"about":[{"href":"https:\/\/www1.esev.ipv.pt\/dacomunicacao\/index.php?rest_route=\/wp\/v2\/types\/post"}],"author":[{"embeddable":true,"href":"https:\/\/www1.esev.ipv.pt\/dacomunicacao\/index.php?rest_route=\/wp\/v2\/users\/9"}],"replies":[{"embeddable":true,"href":"https:\/\/www1.esev.ipv.pt\/dacomunicacao\/index.php?rest_route=%2Fwp%2Fv2%2Fcomments&post=10608"}],"version-history":[{"count":1,"href":"https:\/\/www1.esev.ipv.pt\/dacomunicacao\/index.php?rest_route=\/wp\/v2\/posts\/10608\/revisions"}],"predecessor-version":[{"id":10610,"href":"https:\/\/www1.esev.ipv.pt\/dacomunicacao\/index.php?rest_route=\/wp\/v2\/posts\/10608\/revisions\/10610"}],"wp:featuredmedia":[{"embeddable":true,"href":"https:\/\/www1.esev.ipv.pt\/dacomunicacao\/index.php?rest_route=\/wp\/v2\/media\/10609"}],"wp:attachment":[{"href":"https:\/\/www1.esev.ipv.pt\/dacomunicacao\/index.php?rest_route=%2Fwp%2Fv2%2Fmedia&parent=10608"}],"wp:term":[{"taxonomy":"category","embeddable":true,"href":"https:\/\/www1.esev.ipv.pt\/dacomunicacao\/index.php?rest_route=%2Fwp%2Fv2%2Fcategories&post=10608"},{"taxonomy":"post_tag","embeddable":true,"href":"https:\/\/www1.esev.ipv.pt\/dacomunicacao\/index.php?rest_route=%2Fwp%2Fv2%2Ftags&post=10608"}],"curies":[{"name":"wp","href":"https:\/\/api.w.org\/{rel}","templated":true}]}}