{"id":10522,"date":"2020-11-09T10:33:28","date_gmt":"2020-11-09T10:33:28","guid":{"rendered":"http:\/\/www.esev.ipv.pt\/dacomunicacao\/?p=10522"},"modified":"2020-11-09T10:33:35","modified_gmt":"2020-11-09T10:33:35","slug":"o-lado-negro-das-eleicoes-americanas","status":"publish","type":"post","link":"https:\/\/www1.esev.ipv.pt\/dacomunicacao\/?p=10522","title":{"rendered":"O lado negro das elei\u00e7\u00f5es americanas"},"content":{"rendered":"\n<p> <strong><em>Joe Biden foi eleito o pr\u00f3ximo presidente dos Estados Unidos da Am\u00e9rica. A not\u00edcia que o mundo queria. N\u00e3o porque Biden \u00e9 Biden, mas porque Biden n\u00e3o \u00e9 Trump.<\/em><\/strong><em>  <\/em><\/p>\n\n\n\n<p><strong><em>Por Kevin Santos<\/em><\/strong><\/p>\n\n\n\n<p>N\u00e3o presenci\u00e1mos mais que uma guerra pro-Trump VS anti-Trump. Uma triste realidade que espelha uma sociedade cada vez mais corrompida, cansada e gasta. Uma realidade que deve ser alvo de debate. <\/p>\n\n\n\n<p>Vou ser sincero. N\u00e3o percebo esta aura do espetacular que foi criada em volta desta derrota de Trump. Digo \u201cderrota de Trump\u201d e n\u00e3o \u201cvit\u00f3ria de Biden\u201d, porque \u00e9 isso que interessa, pelo menos aos olhos de grande parte do mundo. E sim, \u00e9 verdade que Trump perdeu, mas n\u00e3o foi o \u00fanico. N\u00f3s tamb\u00e9m perdemos. N\u00e3o porque Biden estar\u00e1 na Casa Branca nos pr\u00f3ximos quatro anos (pelo menos), mas porque estas elei\u00e7\u00f5es n\u00e3o foram mais do que a confirma\u00e7\u00e3o do que se vai passando na nossa sociedade.<\/p>\n\n\n\n<p>Donald Trump n\u00e3o s\u00f3 foi eleito em 2016, como, depois de quatro anos espetacularmente pol\u00e9micos e palermas, conseguiu obter resultados fant\u00e1sticos, na \u00f3tica dele (aterradores na minha), e assustar o mundo com a possibilidade de mais quatro anos no limbo (entre democracia e autocracia). N\u00e3o h\u00e1 assim tantas raz\u00f5es para festejar. Estas elei\u00e7\u00f5es, apesar de terem o desfecho mais desejado, demonstraram que as elei\u00e7\u00f5es de 2016 n\u00e3o foram um equ\u00edvoco. E isto \u00e9 um problema grave, muito grave.<\/p>\n\n\n\n<p>Mais grave ainda quando percebemos que n\u00e3o se trata de um \u2018tumor benigno\u2019 e que um processo de \u2018met\u00e1stase\u2019, que promete levar esta \u2018doen\u00e7a\u2019 mundo fora, est\u00e1 em andamento. N\u00e3o sei, ao certo, onde (re)come\u00e7ou este processo. Ou se alguma vez ter\u00e1 acabado. Mas a verdade \u00e9 que este \u2018cancro\u2019 est\u00e1 por todo o lado e cabe aos cidad\u00e3os do mundo erradic\u00e1-lo, de uma vez por todas. <\/p>\n\n\n\n<p>A sociedade est\u00e1 cada vez mais polarizada e aumentam as tens\u00f5es, os extremismos, o racismo, a xenofobia, os fundamentalismos religiosos\u2026 Tudo \u00e0 nossa volta. N\u00e3o devemos apontar o dedo a quem vota em Trump, mas perceber que este \u00e9 um problema muito maior que o pol\u00e9mico 45\u00ba presidente dos EUA. <\/p>\n\n\n\n<p>O Brasil, por exemplo, \u00e9 (des)governado por Jair Bolsonaro e vamos verificando um aumento da presen\u00e7a de extremistas e radicais nos governos europeus. A extrema-direita ficou entre as mais votadas nas elei\u00e7\u00f5es de v\u00e1rios pa\u00edses europeus, como Su\u00e9cia, \u00c1ustria, Hungria, Holanda, Alemanha ou Su\u00ed\u00e7a. Podem n\u00e3o vencer, mas a presen\u00e7a parlamentar tem vindo a aumentar exponencialmente. Na It\u00e1lia, Matteo Salvini e o Lega Nord. Na Fran\u00e7a, Marine Le Pen e a Frente Nacional. Na Espanha, o VOX. E em Portugal, o Chega. Ser\u00e1 que \u00e9 este o mundo que queremos? N\u00e3o aprendemos nada com a hist\u00f3ria?<\/p>\n\n\n\n<p>Eu n\u00e3o percebo nada de pol\u00edtica. N\u00e3o tenho partido. Mas sou um cidad\u00e3o e compreendo a frustra\u00e7\u00e3o com algumas pol\u00edticas e (des)governos democr\u00e1ticos. Muitos acreditam (ou s\u00e3o levados a crer) que est\u00e1 na hora de \u2018dar um murro na mesa\u2019. At\u00e9 podem estar certos. Mas votar no Chega, e em todos os partidos extremistas pelo mundo fora, n\u00e3o passa por mais do que \u2018dar um murro na pr\u00f3pria cara\u2019.<\/p>\n\n\n\n<p>Os americanos aprenderam isto da\npior forma, mas parecem apostados em recuperar o tempo perdido (fosse s\u00f3 o\ntempo\u2026). A minha esperan\u00e7a \u00e9 que os cidad\u00e3os do resto mundo tenham assistido \u00e0\nturbul\u00eancia americana dos \u00faltimos quatro anos e que retirem algumas li\u00e7\u00f5es valiosas\ndo longo e tumultuoso \u2018epis\u00f3dio\u2019 Trump. &nbsp;<\/p>\n","protected":false},"excerpt":{"rendered":"<p>Joe Biden foi eleito o pr\u00f3ximo presidente dos Estados Unidos da Am\u00e9rica. A not\u00edcia que o mundo queria. N\u00e3o porque<\/p>\n","protected":false},"author":9,"featured_media":10524,"comment_status":"open","ping_status":"open","sticky":false,"template":"","format":"standard","meta":[],"categories":[21,116,12],"tags":[3089,2561,3088],"_links":{"self":[{"href":"https:\/\/www1.esev.ipv.pt\/dacomunicacao\/index.php?rest_route=\/wp\/v2\/posts\/10522"}],"collection":[{"href":"https:\/\/www1.esev.ipv.pt\/dacomunicacao\/index.php?rest_route=\/wp\/v2\/posts"}],"about":[{"href":"https:\/\/www1.esev.ipv.pt\/dacomunicacao\/index.php?rest_route=\/wp\/v2\/types\/post"}],"author":[{"embeddable":true,"href":"https:\/\/www1.esev.ipv.pt\/dacomunicacao\/index.php?rest_route=\/wp\/v2\/users\/9"}],"replies":[{"embeddable":true,"href":"https:\/\/www1.esev.ipv.pt\/dacomunicacao\/index.php?rest_route=%2Fwp%2Fv2%2Fcomments&post=10522"}],"version-history":[{"count":1,"href":"https:\/\/www1.esev.ipv.pt\/dacomunicacao\/index.php?rest_route=\/wp\/v2\/posts\/10522\/revisions"}],"predecessor-version":[{"id":10523,"href":"https:\/\/www1.esev.ipv.pt\/dacomunicacao\/index.php?rest_route=\/wp\/v2\/posts\/10522\/revisions\/10523"}],"wp:featuredmedia":[{"embeddable":true,"href":"https:\/\/www1.esev.ipv.pt\/dacomunicacao\/index.php?rest_route=\/wp\/v2\/media\/10524"}],"wp:attachment":[{"href":"https:\/\/www1.esev.ipv.pt\/dacomunicacao\/index.php?rest_route=%2Fwp%2Fv2%2Fmedia&parent=10522"}],"wp:term":[{"taxonomy":"category","embeddable":true,"href":"https:\/\/www1.esev.ipv.pt\/dacomunicacao\/index.php?rest_route=%2Fwp%2Fv2%2Fcategories&post=10522"},{"taxonomy":"post_tag","embeddable":true,"href":"https:\/\/www1.esev.ipv.pt\/dacomunicacao\/index.php?rest_route=%2Fwp%2Fv2%2Ftags&post=10522"}],"curies":[{"name":"wp","href":"https:\/\/api.w.org\/{rel}","templated":true}]}}