{"id":10453,"date":"2020-11-03T14:19:43","date_gmt":"2020-11-03T14:19:43","guid":{"rendered":"http:\/\/www.esev.ipv.pt\/dacomunicacao\/?p=10453"},"modified":"2020-11-03T14:19:49","modified_gmt":"2020-11-03T14:19:49","slug":"cineeco-um-festival-que-procura-sensibilizar-todas-as-geracoes-para-os-problemas-ambientais","status":"publish","type":"post","link":"https:\/\/www1.esev.ipv.pt\/dacomunicacao\/?p=10453","title":{"rendered":"CineEco um festival que procura sensibilizar todas as gera\u00e7\u00f5es para os problemas ambientais"},"content":{"rendered":"\n<p><strong><em>Este ano o CineEco mostrou uma vertente diferente da habitual. Devido a toda a situa\u00e7\u00e3o pand\u00e9mica o festival teve de se adaptar \u00e0s condi\u00e7\u00f5es exigidas pela Dire\u00e7\u00e3o Geral de Sa\u00fade (DGS).<\/em><\/strong><\/p>\n\n\n\n<p><strong><em>Por Marco Sousa<\/em><\/strong><\/p>\n\n\n\n<p>O festival CineEco sempre revelou uma forte liga\u00e7\u00e3o \u00e0s\nescolas na tem\u00e1tica ambiental. Contudo, este ano devido \u00e0 situa\u00e7\u00e3o pand\u00e9mica\nque Portugal atravessa, viu-se obrigado a fazer algumas adapta\u00e7\u00f5es para a sua\nrealiza\u00e7\u00e3o. <\/p>\n\n\n\n<p>Estas altera\u00e7\u00f5es foram sobretudo ao n\u00edvel dos participantes\ndas escolas. Todos os anos costumam estar presentes no festival os mais\ndiversos n\u00edveis de ensino. Este ano, nem todos os n\u00edveis de ensino puderam\nestar presentes, tal como nos explica Ana Fonseca da dire\u00e7\u00e3o do festival: \u201cn\u00f3s\ngeralmente temos os v\u00e1rios anos de ensino, nomeadamente primeiro ciclo e de\njardim de inf\u00e2ncia, que este ano estiveram ausentes\u201d.<\/p>\n\n\n\n<p>Apesar de n\u00e3o terem a possibilidade de integrar estes alunos\nno decorrer do festival existem planos para que estes possam visualizar as\ncurtas ou longas metragens que lhes estavam destinadas. Contudo este adiamento\nvai permitir que sejam poss\u00edveis debates mais alargados com as crian\u00e7as de\nforma a assim serem melhor explicados os temas que o festival aborda. <\/p>\n\n\n\n<p>Quando questionados sobre o porqu\u00ea de o festival apostar\ntanto nas gera\u00e7\u00f5es mais novas, Ana Fonseca responde que a \u00eanfase do festival\nvai muito mais al\u00e9m. \u201cO foco n\u00e3o \u00e9 s\u00f3 nas crian\u00e7as, ali\u00e1s o festival tem um\nfoco ambiental, de sensibiliza\u00e7\u00e3o e educa\u00e7\u00e3o ambiental, que \u00e9 transversal a\ntodas as idades\u201d. <\/p>\n\n\n\n<p>No festival participaram ainda a Escola Profissional da Serra\nda Estrela e a Escola Superior de Turismo, do Polit\u00e9cnico da Guarda. Algumas\ndestas turmas apadrinharam ainda uma parte das curtas metragens portuguesas em\nexibi\u00e7\u00e3o.<\/p>\n\n\n\n<p>Nesta edi\u00e7\u00e3o foram abordadas as mais diversas tem\u00e1ticas,\nincluindo temas como o pl\u00e1stico nos oceanos, o abandono de territ\u00f3rio e ainda\nos grandes inc\u00eandios de Pedrog\u00e3o, entre muitas outras tem\u00e1ticas. Esta \u00faltima\nfoi abordada por uma realizadora alem\u00e3 que se encontrava em Portugal quando\nestes ocorreram. <\/p>\n\n\n\n<p>O festival procura ainda demonstrar aos alunos o papel\nfundamental que cada um de n\u00f3s t\u00eam ao cuidar do ambiente. Ana Fonseca conclui\nafirmando que \u201cdevemos ser cuidadores de tudo o que nos rodeia\u201d. \n\nO CineEco decorre na localidade de Seia, local onde\nvai decorrer tamb\u00e9m a edi\u00e7\u00e3o de 2021, j\u00e1 com data marcada para os dias 9 a 16\nde outubro. \n\n\n\n<\/p>\n","protected":false},"excerpt":{"rendered":"<p>Este ano o CineEco mostrou uma vertente diferente da habitual. Devido a toda a situa\u00e7\u00e3o pand\u00e9mica o festival teve de<\/p>\n","protected":false},"author":8,"featured_media":10454,"comment_status":"open","ping_status":"open","sticky":false,"template":"","format":"standard","meta":[],"categories":[15],"tags":[44,2922,1082],"_links":{"self":[{"href":"https:\/\/www1.esev.ipv.pt\/dacomunicacao\/index.php?rest_route=\/wp\/v2\/posts\/10453"}],"collection":[{"href":"https:\/\/www1.esev.ipv.pt\/dacomunicacao\/index.php?rest_route=\/wp\/v2\/posts"}],"about":[{"href":"https:\/\/www1.esev.ipv.pt\/dacomunicacao\/index.php?rest_route=\/wp\/v2\/types\/post"}],"author":[{"embeddable":true,"href":"https:\/\/www1.esev.ipv.pt\/dacomunicacao\/index.php?rest_route=\/wp\/v2\/users\/8"}],"replies":[{"embeddable":true,"href":"https:\/\/www1.esev.ipv.pt\/dacomunicacao\/index.php?rest_route=%2Fwp%2Fv2%2Fcomments&post=10453"}],"version-history":[{"count":1,"href":"https:\/\/www1.esev.ipv.pt\/dacomunicacao\/index.php?rest_route=\/wp\/v2\/posts\/10453\/revisions"}],"predecessor-version":[{"id":10455,"href":"https:\/\/www1.esev.ipv.pt\/dacomunicacao\/index.php?rest_route=\/wp\/v2\/posts\/10453\/revisions\/10455"}],"wp:featuredmedia":[{"embeddable":true,"href":"https:\/\/www1.esev.ipv.pt\/dacomunicacao\/index.php?rest_route=\/wp\/v2\/media\/10454"}],"wp:attachment":[{"href":"https:\/\/www1.esev.ipv.pt\/dacomunicacao\/index.php?rest_route=%2Fwp%2Fv2%2Fmedia&parent=10453"}],"wp:term":[{"taxonomy":"category","embeddable":true,"href":"https:\/\/www1.esev.ipv.pt\/dacomunicacao\/index.php?rest_route=%2Fwp%2Fv2%2Fcategories&post=10453"},{"taxonomy":"post_tag","embeddable":true,"href":"https:\/\/www1.esev.ipv.pt\/dacomunicacao\/index.php?rest_route=%2Fwp%2Fv2%2Ftags&post=10453"}],"curies":[{"name":"wp","href":"https:\/\/api.w.org\/{rel}","templated":true}]}}