{"id":10340,"date":"2020-10-27T20:34:29","date_gmt":"2020-10-27T20:34:29","guid":{"rendered":"http:\/\/www.esev.ipv.pt\/dacomunicacao\/?p=10340"},"modified":"2020-11-30T09:29:25","modified_gmt":"2020-11-30T09:29:25","slug":"galp-apresenta-nove-meses-seguidos-com-prejuizos","status":"publish","type":"post","link":"https:\/\/www1.esev.ipv.pt\/dacomunicacao\/?p=10340","title":{"rendered":"GALP apresenta nove meses seguidos com preju\u00edzos"},"content":{"rendered":"\n<p><em><strong>Petrol\u00edfera continua com valores negativos no terceiro trimestre de 2020, efeitos consequentes da quarentena no come\u00e7o do ano e do agravamento da pandemia de COVID-19 a meio do ano.<\/strong><\/em><\/p>\n\n\n\n<p><strong><em>Por Raquel Guerra<\/em><\/strong><\/p>\n\n\n\n<p> A empresa liderada por Carlos Gomes da Silva manteve as cotas na zona do preju\u00edzo, com a petrol\u00edfera a sofrer perdas l\u00edquidas de 45 milh\u00f5es de euros no terceiro trimestre deste ano, face aos ganhos de 403 milh\u00f5es no mesmo per\u00edodo do ano passado.  <\/p>\n\n\n\n<p>Em comunicado enviado \u00e0 CMVM (Comiss\u00e3o de Mercado de Valores Mobili\u00e1rios), a empresa GALP Energia refere que o preju\u00edzo foi \u201cimpactado pelas adversas condi\u00e7\u00f5es de mercado durante o per\u00edodo, refletindo ainda a pandemia Covid-19\u201d, o per\u00edodo em causa depreende os meses de julho a setembro. \u00a0<\/p>\n\n\n\n<p>No mesmo comunicado, a empresa faz refer\u00eancia a \u201csinais iniciais de recupera\u00e7\u00e3o\u201d, apesar de apresentar (\u00e0 data da elabora\u00e7\u00e3o da not\u00edcia) um valor negativo no pre\u00e7o das a\u00e7\u00f5es. Queda expressiva das a\u00e7\u00f5es que origina uma queda de 1% na bolsa de Lisboa, consequ\u00eancia dos resultados negativos entre janeiro e setembro de 2020. Fonte do jornal econ\u00f3mico ECO, a petrol\u00edfera j\u00e1 perdeu 46,47% do seu valor de mercado.<\/p>\n\n\n\n<p>Como avan\u00e7a o jornal Observador,\nos resultados ajustados antes das despesas da GALP em rela\u00e7\u00e3o ao estado\nportugu\u00eas, j\u00e1 apresentavam uma queda de 35% relativamente ao per\u00edodo hom\u00f3logo. <\/p>\n","protected":false},"excerpt":{"rendered":"<p>Petrol\u00edfera continua com valores negativos no terceiro trimestre de 2020, efeitos consequentes da quarentena no come\u00e7o do ano e do<\/p>\n","protected":false},"author":7,"featured_media":10341,"comment_status":"open","ping_status":"open","sticky":false,"template":"","format":"standard","meta":[],"categories":[399,11],"tags":[2662,3017,3018],"_links":{"self":[{"href":"https:\/\/www1.esev.ipv.pt\/dacomunicacao\/index.php?rest_route=\/wp\/v2\/posts\/10340"}],"collection":[{"href":"https:\/\/www1.esev.ipv.pt\/dacomunicacao\/index.php?rest_route=\/wp\/v2\/posts"}],"about":[{"href":"https:\/\/www1.esev.ipv.pt\/dacomunicacao\/index.php?rest_route=\/wp\/v2\/types\/post"}],"author":[{"embeddable":true,"href":"https:\/\/www1.esev.ipv.pt\/dacomunicacao\/index.php?rest_route=\/wp\/v2\/users\/7"}],"replies":[{"embeddable":true,"href":"https:\/\/www1.esev.ipv.pt\/dacomunicacao\/index.php?rest_route=%2Fwp%2Fv2%2Fcomments&post=10340"}],"version-history":[{"count":1,"href":"https:\/\/www1.esev.ipv.pt\/dacomunicacao\/index.php?rest_route=\/wp\/v2\/posts\/10340\/revisions"}],"predecessor-version":[{"id":10342,"href":"https:\/\/www1.esev.ipv.pt\/dacomunicacao\/index.php?rest_route=\/wp\/v2\/posts\/10340\/revisions\/10342"}],"wp:featuredmedia":[{"embeddable":true,"href":"https:\/\/www1.esev.ipv.pt\/dacomunicacao\/index.php?rest_route=\/wp\/v2\/media\/10341"}],"wp:attachment":[{"href":"https:\/\/www1.esev.ipv.pt\/dacomunicacao\/index.php?rest_route=%2Fwp%2Fv2%2Fmedia&parent=10340"}],"wp:term":[{"taxonomy":"category","embeddable":true,"href":"https:\/\/www1.esev.ipv.pt\/dacomunicacao\/index.php?rest_route=%2Fwp%2Fv2%2Fcategories&post=10340"},{"taxonomy":"post_tag","embeddable":true,"href":"https:\/\/www1.esev.ipv.pt\/dacomunicacao\/index.php?rest_route=%2Fwp%2Fv2%2Ftags&post=10340"}],"curies":[{"name":"wp","href":"https:\/\/api.w.org\/{rel}","templated":true}]}}