{"id":10319,"date":"2020-10-27T10:26:58","date_gmt":"2020-10-27T10:26:58","guid":{"rendered":"http:\/\/www.esev.ipv.pt\/dacomunicacao\/?p=10319"},"modified":"2020-11-30T09:31:42","modified_gmt":"2020-11-30T09:31:42","slug":"covid-19-disponiveis-testes-rapidos-dentro-de-duas-semanas","status":"publish","type":"post","link":"https:\/\/www1.esev.ipv.pt\/dacomunicacao\/?p=10319","title":{"rendered":"COVID-19: Dispon\u00edveis testes r\u00e1pidos dentro de duas semanas"},"content":{"rendered":"\n<p><strong><em> Gra\u00e7a Freitas, Diretora-Geral da Sa\u00fade, anunciou esta segunda-feira que a partir do dia 9 de novembro v\u00e3o come\u00e7ar a ser realizados testes r\u00e1pidos \u00e0 COVID-19. Esta informa\u00e7\u00e3o foi publicada numa Norma com a Estrat\u00e9gia Nacional de Testes para a SARS-CoV-2. <\/em><\/strong><\/p>\n\n\n\n<p><strong><em>Por Juliana Santos<\/em><\/strong><\/p>\n\n\n\n<p>Na confer\u00eancia de imprensa de atualiza\u00e7\u00e3o dos dados da COVID-19, Gra\u00e7a Freitas esclarece que a utiliza\u00e7\u00e3o dos testes r\u00e1pidos permite a redu\u00e7\u00e3o e o controlo da transmiss\u00e3o do v\u00edrus e tamb\u00e9m a preven\u00e7\u00e3o e mitiga\u00e7\u00e3o do impacto da doen\u00e7a nas pessoas mais fr\u00e1geis, no sistema de sa\u00fade e nos seus servi\u00e7os.<\/p>\n\n\n\n<p>Os testes devem ser utilizados nas pessoas que tenham sintomas nos primeiros cinco dias, nas que n\u00e3o apresentem qualquer tipo de sintomas e em casos concretos como os surtos. A Diretora-Geral da Sa\u00fade acrescenta que os testes tamb\u00e9m podem ser usados nos rastreios peri\u00f3dicos dos profissionais de sa\u00fade com um maior risco de exposi\u00e7\u00e3o.<\/p>\n\n\n\n<p>A norma publicada determina ainda que em situa\u00e7\u00f5es de surto em escolas, lares e outras institui\u00e7\u00f5es os testes r\u00e1pidos devem ser usados preferencialmente para aplicar de forma mais r\u00e1pida as medidas apropriadas de sa\u00fade p\u00fablica.<\/p>\n\n\n\n<p>Gra\u00e7a Freitas sublinha que a realiza\u00e7\u00e3o do teste molecular n\u00e3o \u00e9 dispens\u00e1vel numa pessoa com uma forte suspeita de COVID-19 mesmo tendo feito um teste r\u00e1pido. A especialista declara ainda que os testes r\u00e1pidos s\u00e3o seguros, sobretudo nos casos positivos e nos primeiros cinco dias de sintomas. <\/p>\n\n\n\n<p>As\nequipas de Sa\u00fade P\u00fablica s\u00e3o as respons\u00e1veis pela realiza\u00e7\u00e3o dos testes em\nconjunto com os parceiros municipais.<\/p>\n","protected":false},"excerpt":{"rendered":"<p>Gra\u00e7a Freitas, Diretora-Geral da Sa\u00fade, anunciou esta segunda-feira que a partir do dia 9 de novembro v\u00e3o come\u00e7ar a ser<\/p>\n","protected":false},"author":7,"featured_media":10320,"comment_status":"open","ping_status":"open","sticky":false,"template":"","format":"standard","meta":[],"categories":[11],"tags":[2662,3007,3005,3004],"_links":{"self":[{"href":"https:\/\/www1.esev.ipv.pt\/dacomunicacao\/index.php?rest_route=\/wp\/v2\/posts\/10319"}],"collection":[{"href":"https:\/\/www1.esev.ipv.pt\/dacomunicacao\/index.php?rest_route=\/wp\/v2\/posts"}],"about":[{"href":"https:\/\/www1.esev.ipv.pt\/dacomunicacao\/index.php?rest_route=\/wp\/v2\/types\/post"}],"author":[{"embeddable":true,"href":"https:\/\/www1.esev.ipv.pt\/dacomunicacao\/index.php?rest_route=\/wp\/v2\/users\/7"}],"replies":[{"embeddable":true,"href":"https:\/\/www1.esev.ipv.pt\/dacomunicacao\/index.php?rest_route=%2Fwp%2Fv2%2Fcomments&post=10319"}],"version-history":[{"count":1,"href":"https:\/\/www1.esev.ipv.pt\/dacomunicacao\/index.php?rest_route=\/wp\/v2\/posts\/10319\/revisions"}],"predecessor-version":[{"id":10321,"href":"https:\/\/www1.esev.ipv.pt\/dacomunicacao\/index.php?rest_route=\/wp\/v2\/posts\/10319\/revisions\/10321"}],"wp:featuredmedia":[{"embeddable":true,"href":"https:\/\/www1.esev.ipv.pt\/dacomunicacao\/index.php?rest_route=\/wp\/v2\/media\/10320"}],"wp:attachment":[{"href":"https:\/\/www1.esev.ipv.pt\/dacomunicacao\/index.php?rest_route=%2Fwp%2Fv2%2Fmedia&parent=10319"}],"wp:term":[{"taxonomy":"category","embeddable":true,"href":"https:\/\/www1.esev.ipv.pt\/dacomunicacao\/index.php?rest_route=%2Fwp%2Fv2%2Fcategories&post=10319"},{"taxonomy":"post_tag","embeddable":true,"href":"https:\/\/www1.esev.ipv.pt\/dacomunicacao\/index.php?rest_route=%2Fwp%2Fv2%2Ftags&post=10319"}],"curies":[{"name":"wp","href":"https:\/\/api.w.org\/{rel}","templated":true}]}}