{"id":10272,"date":"2020-10-23T14:26:25","date_gmt":"2020-10-23T14:26:25","guid":{"rendered":"http:\/\/www.esev.ipv.pt\/dacomunicacao\/?p=10272"},"modified":"2020-10-23T14:26:29","modified_gmt":"2020-10-23T14:26:29","slug":"depois-de-6-anos-em-decrescimo-leiria-aumenta-a-taxa-de-desemprego","status":"publish","type":"post","link":"https:\/\/www1.esev.ipv.pt\/dacomunicacao\/?p=10272","title":{"rendered":"Depois de 6 anos em decr\u00e9scimo, Leiria aumenta a taxa de desemprego"},"content":{"rendered":"\n<p><strong><em>Num ano em que o turismo trava a fundo, devido \u00e0 pandemia que o pa\u00eds est\u00e1 a atravessar, o distrito de Leiria aumenta a taxa de desemprego face aos seis anos antecedentes.<\/em><\/strong><\/p>\n\n\n\n<p><strong>Por Diana Teixeira<\/strong><\/p>\n\n\n\n<p>Analisando o n\u00famero de desempregados numa escala de 10 anos, contamos com um aumento significativo de 2,6% entre os anos de 2010 (4488 desempregados) e 2013 (6534 desempregados) no concelho de Leiria. No ano de 2014 este valor decresce (5493 desempregados) at\u00e9 ao ano de 2019 (2463 desempregados). Foi nesse ano que a regi\u00e3o contou com a menor taxa de desemprego em 10 anos. Leiria passa a estar com uma taxa de 3% de desempregados, menos 3,7% face aos cinco anos anteriores. <\/p>\n\n\n\n<p>Segundo os dados do Instituto de Emprego e Forma\u00e7\u00e3o Profissional (IEFP), relativos ao m\u00eas de setembro, o concelho chegou este ano, a um n\u00famero de 3547 desempregados, para uma popula\u00e7\u00e3o ativa de 63470 (n\u00fameros dos Censos de 2011). Deste valor 1380 s\u00e3o homens e 2167 s\u00e3o mulheres, 265 est\u00e3o \u00e0 procura do primeiro emprego e 3282 procuram um novo emprego por raz\u00f5es desconhecidas.<\/p>\n\n\n\n<p>De acordo com as previs\u00f5es da Cotec Portugal e da\nUniversidade Nova de Lisboa, Leiria poder\u00e1 atingir uma taxa de 10,6% de\ndesempregados at\u00e9 ao final deste ano, um resultado pior\ndo que as m\u00e9dias do pa\u00eds e do centro.<\/p>\n\n\n\n<p>Estas\nprevis\u00f5es sobre o&nbsp;desemprego mensal ao n\u00edvel das capitais de distrito, t\u00eam\nem considera\u00e7\u00e3o as estimativas j\u00e1 conhecidas para a taxa mensal de desemprego\n(INE) e os novos desempregados inscritos no IEFP.<\/p>\n","protected":false},"excerpt":{"rendered":"<p>Num ano em que o turismo trava a fundo, devido \u00e0 pandemia que o pa\u00eds est\u00e1 a atravessar, o distrito<\/p>\n","protected":false},"author":4,"featured_media":8006,"comment_status":"open","ping_status":"open","sticky":false,"template":"","format":"standard","meta":[],"categories":[399],"tags":[903,2066,503],"_links":{"self":[{"href":"https:\/\/www1.esev.ipv.pt\/dacomunicacao\/index.php?rest_route=\/wp\/v2\/posts\/10272"}],"collection":[{"href":"https:\/\/www1.esev.ipv.pt\/dacomunicacao\/index.php?rest_route=\/wp\/v2\/posts"}],"about":[{"href":"https:\/\/www1.esev.ipv.pt\/dacomunicacao\/index.php?rest_route=\/wp\/v2\/types\/post"}],"author":[{"embeddable":true,"href":"https:\/\/www1.esev.ipv.pt\/dacomunicacao\/index.php?rest_route=\/wp\/v2\/users\/4"}],"replies":[{"embeddable":true,"href":"https:\/\/www1.esev.ipv.pt\/dacomunicacao\/index.php?rest_route=%2Fwp%2Fv2%2Fcomments&post=10272"}],"version-history":[{"count":1,"href":"https:\/\/www1.esev.ipv.pt\/dacomunicacao\/index.php?rest_route=\/wp\/v2\/posts\/10272\/revisions"}],"predecessor-version":[{"id":10273,"href":"https:\/\/www1.esev.ipv.pt\/dacomunicacao\/index.php?rest_route=\/wp\/v2\/posts\/10272\/revisions\/10273"}],"wp:featuredmedia":[{"embeddable":true,"href":"https:\/\/www1.esev.ipv.pt\/dacomunicacao\/index.php?rest_route=\/wp\/v2\/media\/8006"}],"wp:attachment":[{"href":"https:\/\/www1.esev.ipv.pt\/dacomunicacao\/index.php?rest_route=%2Fwp%2Fv2%2Fmedia&parent=10272"}],"wp:term":[{"taxonomy":"category","embeddable":true,"href":"https:\/\/www1.esev.ipv.pt\/dacomunicacao\/index.php?rest_route=%2Fwp%2Fv2%2Fcategories&post=10272"},{"taxonomy":"post_tag","embeddable":true,"href":"https:\/\/www1.esev.ipv.pt\/dacomunicacao\/index.php?rest_route=%2Fwp%2Fv2%2Ftags&post=10272"}],"curies":[{"name":"wp","href":"https:\/\/api.w.org\/{rel}","templated":true}]}}