{"id":10205,"date":"2020-10-21T08:42:37","date_gmt":"2020-10-21T08:42:37","guid":{"rendered":"http:\/\/www.esev.ipv.pt\/dacomunicacao\/?p=10205"},"modified":"2020-10-21T08:42:41","modified_gmt":"2020-10-21T08:42:41","slug":"porto-vila-nova-de-gaia-e-gondomar-no-top-3-do-desemprego","status":"publish","type":"post","link":"https:\/\/www1.esev.ipv.pt\/dacomunicacao\/?p=10205","title":{"rendered":"Porto, Vila Nova de Gaia e Gondomar no top 3 do desemprego"},"content":{"rendered":"\n<p><strong><em>Instituto de Emprego e Forma\u00e7\u00e3o Profissional disponibiliza dados do desemprego de 2020 (Janeiro \u2013 Setembro)<\/em><\/strong><\/p>\n\n\n\n<p><strong>Por Jo\u00e3o M. Ribeiro<\/strong><\/p>\n\n\n\n<p>J\u00e1 s\u00e3o conhecidos os n\u00fameros do desemprego de 2020. Porto, Vila Nova de Gaia e Gondomar s\u00e3o os concelhos mais afetados, do distrito do Porto. As subidas s\u00e3o menos acentuadas na Trofa, Pa\u00e7os de Ferreira e Bai\u00e3o.<\/p>\n\n\n\n<p>Os dados disponibilizados pelo Instituto de Emprego e Forma\u00e7\u00e3o Profissional, relativos ao desemprego (setembro de 2020), sofreram um aumento significativo, quando comparado com o mesmo per\u00edodo do ano passado.<\/p>\n\n\n\n<p>Entre 18 concelhos\nque formam o distrito do Porto, o Porto, Vila Nova de Gaia e Gondomar lideram a\nlista dos n\u00fameros do desemprego. <\/p>\n\n\n\n<p>Vila Nova de Gaia\nsoma um aumento de desemprego de 2,4%, em 2020, relativamente ao per\u00edodo\nhom\u00f3logo.<\/p>\n\n\n\n<p>No caso do Porto,\nassistiu-se a um aumento de 2,5% da taxa de desemprego (12.477 desempregados,\nem 2020), face a setembro de 2019 (9901 desempregados).<\/p>\n\n\n\n<p>Em Gondomar, a taxa\nde desemprego ultrapassou os 2,6%. Em 2019, a regi\u00e3o registou 6085\ndesempregados, ao passo que, em 2020, esse n\u00famero fixou-se em 8324\ndesempregados.<\/p>\n\n\n\n<p>Dentro do universo\ndistrital do Porto n\u00e3o se registaram descidas. H\u00e1, no entanto, regi\u00f5es em que o\naumento foi menos notado. <\/p>\n\n\n\n<p>A regi\u00e3o da Trofa\nregistou uma evolu\u00e7\u00e3o de desemprego na ordem dos 1,6% (em rela\u00e7\u00e3o a 2019).\nPa\u00e7os de Ferreira progrediu 1%, em 2020, quando comparado ao ano anterior. A\nmenor evolu\u00e7\u00e3o deu-se em Bai\u00e3o. O concelho assinalou 66 perdas de postos de\ntrabalho, que se traduzem numa evolu\u00e7\u00e3o de 0,8%, face a setembro de 2019.<\/p>\n\n\n\n<p>A an\u00e1lise dos dados\npermite concluir ainda que a popula\u00e7\u00e3o mais afetada possui habilita\u00e7\u00f5es\nliter\u00e1rias ao n\u00edvel do ensino secund\u00e1rio. A faixa et\u00e1ria em que o desemprego\ntem uma maior express\u00e3o situa-se entre os 35 e os 54 anos.<\/p>\n","protected":false},"excerpt":{"rendered":"<p>Instituto de Emprego e Forma\u00e7\u00e3o Profissional disponibiliza dados do desemprego de 2020 (Janeiro \u2013 Setembro) Por Jo\u00e3o M. Ribeiro J\u00e1<\/p>\n","protected":false},"author":4,"featured_media":1241,"comment_status":"open","ping_status":"open","sticky":false,"template":"","format":"standard","meta":[],"categories":[399],"tags":[903,2066,43],"_links":{"self":[{"href":"https:\/\/www1.esev.ipv.pt\/dacomunicacao\/index.php?rest_route=\/wp\/v2\/posts\/10205"}],"collection":[{"href":"https:\/\/www1.esev.ipv.pt\/dacomunicacao\/index.php?rest_route=\/wp\/v2\/posts"}],"about":[{"href":"https:\/\/www1.esev.ipv.pt\/dacomunicacao\/index.php?rest_route=\/wp\/v2\/types\/post"}],"author":[{"embeddable":true,"href":"https:\/\/www1.esev.ipv.pt\/dacomunicacao\/index.php?rest_route=\/wp\/v2\/users\/4"}],"replies":[{"embeddable":true,"href":"https:\/\/www1.esev.ipv.pt\/dacomunicacao\/index.php?rest_route=%2Fwp%2Fv2%2Fcomments&post=10205"}],"version-history":[{"count":1,"href":"https:\/\/www1.esev.ipv.pt\/dacomunicacao\/index.php?rest_route=\/wp\/v2\/posts\/10205\/revisions"}],"predecessor-version":[{"id":10206,"href":"https:\/\/www1.esev.ipv.pt\/dacomunicacao\/index.php?rest_route=\/wp\/v2\/posts\/10205\/revisions\/10206"}],"wp:featuredmedia":[{"embeddable":true,"href":"https:\/\/www1.esev.ipv.pt\/dacomunicacao\/index.php?rest_route=\/wp\/v2\/media\/1241"}],"wp:attachment":[{"href":"https:\/\/www1.esev.ipv.pt\/dacomunicacao\/index.php?rest_route=%2Fwp%2Fv2%2Fmedia&parent=10205"}],"wp:term":[{"taxonomy":"category","embeddable":true,"href":"https:\/\/www1.esev.ipv.pt\/dacomunicacao\/index.php?rest_route=%2Fwp%2Fv2%2Fcategories&post=10205"},{"taxonomy":"post_tag","embeddable":true,"href":"https:\/\/www1.esev.ipv.pt\/dacomunicacao\/index.php?rest_route=%2Fwp%2Fv2%2Ftags&post=10205"}],"curies":[{"name":"wp","href":"https:\/\/api.w.org\/{rel}","templated":true}]}}