{"id":10150,"date":"2020-10-14T15:52:15","date_gmt":"2020-10-14T15:52:15","guid":{"rendered":"http:\/\/www.esev.ipv.pt\/dacomunicacao\/?p=10150"},"modified":"2020-10-14T15:52:19","modified_gmt":"2020-10-14T15:52:19","slug":"oe2021-preco-do-tabaco-devera-aumentar-10-centimos-por-maco","status":"publish","type":"post","link":"https:\/\/www1.esev.ipv.pt\/dacomunicacao\/?p=10150","title":{"rendered":"OE2021: Pre\u00e7o do tabaco dever\u00e1 aumentar 10 c\u00eantimos por ma\u00e7o"},"content":{"rendered":"\n<p><strong><em>O pre\u00e7o do ma\u00e7o de tabaco, de acordo com as contas da consultora Deloitte, deve aumentar 10 c\u00eantimos em 2021. Este aumento surge do Or\u00e7amento do Estado para 2021 (OE2021), apresentado esta segunda-feira dia 12 de outubro.<\/em><\/strong><\/p>\n\n\n\n<p><strong>Por Marta Fernandes<\/strong><\/p>\n\n\n\n<p>No pr\u00f3ximo ano, segundo a an\u00e1lise da Deloitte, ser\u00e1\n\u201calterada a f\u00f3rmula de c\u00e1lculo do IT (imposto sobre o tabaco), a qual passa a\nconsiderar o pre\u00e7o m\u00e9dio ponderado dos cigarros introduzidos no consumo entre o\ndia 1 de dezembro do ano n-2 [2019] e o dia 30 de\nnovembro do ano n-1 [2020]\u201d. <\/p>\n\n\n\n<p>A consultora Deloitte conclui assim\nque \u201cesta altera\u00e7\u00e3o implica&nbsp;<strong>um\naumento do imposto em cerca de 0,05 euros por cada ma\u00e7o de cigarros<\/strong>,\no que, previsivelmente, corresponder\u00e1 a um aumento de 0,10 euros no pre\u00e7o de\nvenda ao p\u00fablico do mesmo ma\u00e7o\u201d. <\/p>\n\n\n\n<p>Segundo o relat\u00f3rio que acompanha a proposta\nOE2021, o Governo antev\u00ea recolher 1.400 milh\u00f5es de euros com o imposto sobre o\ntabaco no pr\u00f3ximo ano. Este valor \u00e9 inferior ao das receitas obtidas no ano\n2019, uma vez que este foi de 1.427 milh\u00f5es de euros. <\/p>\n\n\n\n<p>Os dados previstos pelo\nGoverno assumem uma crise de 8,5% e uma subida de 5,4% em rela\u00e7\u00e3o \u00e0 economia do\npr\u00f3ximo ano. Tal como se pode ler na proposta de OE2021, 2022 vai ser &#8220;ano em que se alcan\u00e7a um n\u00edvel de PIB equivalente ao registado no\nper\u00edodo pr\u00e9-crise pand\u00e9mica&#8221;, pois contar\u00e1 com 3,4% no setor econ\u00f3mico. <\/p>\n","protected":false},"excerpt":{"rendered":"<p>O pre\u00e7o do ma\u00e7o de tabaco, de acordo com as contas da consultora Deloitte, deve aumentar 10 c\u00eantimos em 2021.<\/p>\n","protected":false},"author":4,"featured_media":10126,"comment_status":"open","ping_status":"open","sticky":false,"template":"","format":"standard","meta":[],"categories":[399],"tags":[1286,394,2961],"_links":{"self":[{"href":"https:\/\/www1.esev.ipv.pt\/dacomunicacao\/index.php?rest_route=\/wp\/v2\/posts\/10150"}],"collection":[{"href":"https:\/\/www1.esev.ipv.pt\/dacomunicacao\/index.php?rest_route=\/wp\/v2\/posts"}],"about":[{"href":"https:\/\/www1.esev.ipv.pt\/dacomunicacao\/index.php?rest_route=\/wp\/v2\/types\/post"}],"author":[{"embeddable":true,"href":"https:\/\/www1.esev.ipv.pt\/dacomunicacao\/index.php?rest_route=\/wp\/v2\/users\/4"}],"replies":[{"embeddable":true,"href":"https:\/\/www1.esev.ipv.pt\/dacomunicacao\/index.php?rest_route=%2Fwp%2Fv2%2Fcomments&post=10150"}],"version-history":[{"count":1,"href":"https:\/\/www1.esev.ipv.pt\/dacomunicacao\/index.php?rest_route=\/wp\/v2\/posts\/10150\/revisions"}],"predecessor-version":[{"id":10151,"href":"https:\/\/www1.esev.ipv.pt\/dacomunicacao\/index.php?rest_route=\/wp\/v2\/posts\/10150\/revisions\/10151"}],"wp:featuredmedia":[{"embeddable":true,"href":"https:\/\/www1.esev.ipv.pt\/dacomunicacao\/index.php?rest_route=\/wp\/v2\/media\/10126"}],"wp:attachment":[{"href":"https:\/\/www1.esev.ipv.pt\/dacomunicacao\/index.php?rest_route=%2Fwp%2Fv2%2Fmedia&parent=10150"}],"wp:term":[{"taxonomy":"category","embeddable":true,"href":"https:\/\/www1.esev.ipv.pt\/dacomunicacao\/index.php?rest_route=%2Fwp%2Fv2%2Fcategories&post=10150"},{"taxonomy":"post_tag","embeddable":true,"href":"https:\/\/www1.esev.ipv.pt\/dacomunicacao\/index.php?rest_route=%2Fwp%2Fv2%2Ftags&post=10150"}],"curies":[{"name":"wp","href":"https:\/\/api.w.org\/{rel}","templated":true}]}}