{"id":1013,"date":"2017-02-23T16:20:39","date_gmt":"2017-02-23T16:20:39","guid":{"rendered":"http:\/\/www.esev.ipv.pt\/dacomunicacao\/?p=1013"},"modified":"2017-03-06T15:41:37","modified_gmt":"2017-03-06T15:41:37","slug":"alarme-em-alvalade-adrien-silva-para-6-semanas","status":"publish","type":"post","link":"https:\/\/www1.esev.ipv.pt\/dacomunicacao\/?p=1013","title":{"rendered":"Alarme em Alvalade: Adrien Silva p\u00e1ra 6 semanas"},"content":{"rendered":"<p>O m\u00e9dio do Sporting Adrien Silva sofreu no passado s\u00e1bado uma les\u00e3o grave no joelho direito, que o deixa fora dos relvados por um per\u00edodo estimado de 6 a 8 semanas, informou o site oficial do clube.<br \/>\nNeste sentido, o capit\u00e3o leonino falha os jogos com o Estoril, Vit\u00f3ria de Guimar\u00e3es, Tondela e Nacional. O jogador poder\u00e1 regressar em abril, quando a equipa leonina ter\u00e1 jogos importantes com o Benfica e Sporting de Braga, caso a sua recupera\u00e7\u00e3o decorra no per\u00edodo de seis semanas. Recorde-se que esta \u00e9 j\u00e1 a segunda les\u00e3o grave do m\u00e9dio no decorrer da \u00e9poca, visto que Adrien Silva saiu lesionado a meio do jogo em Guimar\u00e3es na primeira volta, o que o levou a falhar jogos importantes para o campeonato e liga dos campe\u00f5es.<br \/>\nJorge Jesus ter\u00e1, portanto, uma enorme dor de cabe\u00e7a para substituir o m\u00e9dio, uma vez que este era pedra fulcral na equipa de Alvalade. Neste sentido, JJ ter\u00e1 como alternativas Bruno C\u00e9sar, Jo\u00e3o Palhinha e Francisco Geraldes. O jovem m\u00e9dio, resgatado ao Moreirense no mercado de inverno, poder\u00e1 aproveitar esta les\u00e3o para se impor como alternativa.<\/p>\n<p>Texto: Cristiana Pina<br \/>\nImagem: Wikipedia<\/p>\n","protected":false},"excerpt":{"rendered":"<p>O m\u00e9dio do Sporting Adrien Silva sofreu no passado s\u00e1bado uma les\u00e3o grave no joelho direito, que o deixa fora<\/p>\n","protected":false},"author":4,"featured_media":1015,"comment_status":"open","ping_status":"open","sticky":false,"template":"","format":"standard","meta":[],"categories":[13],"tags":[334,333,20,19],"_links":{"self":[{"href":"https:\/\/www1.esev.ipv.pt\/dacomunicacao\/index.php?rest_route=\/wp\/v2\/posts\/1013"}],"collection":[{"href":"https:\/\/www1.esev.ipv.pt\/dacomunicacao\/index.php?rest_route=\/wp\/v2\/posts"}],"about":[{"href":"https:\/\/www1.esev.ipv.pt\/dacomunicacao\/index.php?rest_route=\/wp\/v2\/types\/post"}],"author":[{"embeddable":true,"href":"https:\/\/www1.esev.ipv.pt\/dacomunicacao\/index.php?rest_route=\/wp\/v2\/users\/4"}],"replies":[{"embeddable":true,"href":"https:\/\/www1.esev.ipv.pt\/dacomunicacao\/index.php?rest_route=%2Fwp%2Fv2%2Fcomments&post=1013"}],"version-history":[{"count":1,"href":"https:\/\/www1.esev.ipv.pt\/dacomunicacao\/index.php?rest_route=\/wp\/v2\/posts\/1013\/revisions"}],"predecessor-version":[{"id":1014,"href":"https:\/\/www1.esev.ipv.pt\/dacomunicacao\/index.php?rest_route=\/wp\/v2\/posts\/1013\/revisions\/1014"}],"wp:featuredmedia":[{"embeddable":true,"href":"https:\/\/www1.esev.ipv.pt\/dacomunicacao\/index.php?rest_route=\/wp\/v2\/media\/1015"}],"wp:attachment":[{"href":"https:\/\/www1.esev.ipv.pt\/dacomunicacao\/index.php?rest_route=%2Fwp%2Fv2%2Fmedia&parent=1013"}],"wp:term":[{"taxonomy":"category","embeddable":true,"href":"https:\/\/www1.esev.ipv.pt\/dacomunicacao\/index.php?rest_route=%2Fwp%2Fv2%2Fcategories&post=1013"},{"taxonomy":"post_tag","embeddable":true,"href":"https:\/\/www1.esev.ipv.pt\/dacomunicacao\/index.php?rest_route=%2Fwp%2Fv2%2Ftags&post=1013"}],"curies":[{"name":"wp","href":"https:\/\/api.w.org\/{rel}","templated":true}]}}