{"id":10091,"date":"2020-10-13T08:41:45","date_gmt":"2020-10-13T08:41:45","guid":{"rendered":"http:\/\/www.esev.ipv.pt\/dacomunicacao\/?p=10091"},"modified":"2020-10-13T08:41:50","modified_gmt":"2020-10-13T08:41:50","slug":"mangualde-implementa-zonas-de-acolhimento-e-isolamento-covid","status":"publish","type":"post","link":"https:\/\/www1.esev.ipv.pt\/dacomunicacao\/?p=10091","title":{"rendered":"Mangualde implementa zonas de acolhimento e isolamento Covid"},"content":{"rendered":"\n<p><strong><em>Para dar resposta a esta nova fase da pandemia, Mangualde criou zonas de acolhimento e isolamento, que poder\u00e3o acolher entre 40 a 50 pessoas.<\/em><\/strong><em>\u00a0<\/em><\/p>\n\n\n\n<p>S\u00e3o \u00e1reas que est\u00e3o de prontid\u00e3o para fazer face a acolhimento de pessoas com necessidade de isolamento, COVID-19 ou n\u00e3o COVID-19.\u00a0<strong>\u201cTrabalhar este momento de pandemia por antecipa\u00e7\u00e3o \u00e9 fundamental para que, sem grandes constrangimentos, o munic\u00edpio esteja preparado para dar respostas efetivas e ajustadas a cada momento. Desejamos, naturalmente, que n\u00e3o haja necessidade de recorrer a estes recursos\u201d<\/strong> \u2013 sublinha El\u00edsio Oliveira, presidente da C\u00e2mara Municipal de Mangualde.<\/p>\n\n\n\n<p>Esta a\u00e7\u00e3o resulta de uma parceria entre o Munic\u00edpio de Mangualde e a Santa Casa da Miseric\u00f3rdia de Mangualde, que adaptaram os espa\u00e7os para as diferentes respostas.&nbsp;<strong>\u201cEsta estrat\u00e9gia de apoio e de retaguarda \u00e9 uma quest\u00e3o de sa\u00fade p\u00fablica. Temos de estar verdadeiramente prontos caso as situa\u00e7\u00f5es aconte\u00e7am e seja necess\u00e1rio dar respostas\u201d<\/strong>, conclui o edil mangualdense.<\/p>\n","protected":false},"excerpt":{"rendered":"<p>Para dar resposta a esta nova fase da pandemia, Mangualde criou zonas de acolhimento e isolamento, que poder\u00e3o acolher entre<\/p>\n","protected":false},"author":4,"featured_media":10092,"comment_status":"open","ping_status":"open","sticky":false,"template":"","format":"standard","meta":[],"categories":[462],"tags":[2662,162],"_links":{"self":[{"href":"https:\/\/www1.esev.ipv.pt\/dacomunicacao\/index.php?rest_route=\/wp\/v2\/posts\/10091"}],"collection":[{"href":"https:\/\/www1.esev.ipv.pt\/dacomunicacao\/index.php?rest_route=\/wp\/v2\/posts"}],"about":[{"href":"https:\/\/www1.esev.ipv.pt\/dacomunicacao\/index.php?rest_route=\/wp\/v2\/types\/post"}],"author":[{"embeddable":true,"href":"https:\/\/www1.esev.ipv.pt\/dacomunicacao\/index.php?rest_route=\/wp\/v2\/users\/4"}],"replies":[{"embeddable":true,"href":"https:\/\/www1.esev.ipv.pt\/dacomunicacao\/index.php?rest_route=%2Fwp%2Fv2%2Fcomments&post=10091"}],"version-history":[{"count":1,"href":"https:\/\/www1.esev.ipv.pt\/dacomunicacao\/index.php?rest_route=\/wp\/v2\/posts\/10091\/revisions"}],"predecessor-version":[{"id":10093,"href":"https:\/\/www1.esev.ipv.pt\/dacomunicacao\/index.php?rest_route=\/wp\/v2\/posts\/10091\/revisions\/10093"}],"wp:featuredmedia":[{"embeddable":true,"href":"https:\/\/www1.esev.ipv.pt\/dacomunicacao\/index.php?rest_route=\/wp\/v2\/media\/10092"}],"wp:attachment":[{"href":"https:\/\/www1.esev.ipv.pt\/dacomunicacao\/index.php?rest_route=%2Fwp%2Fv2%2Fmedia&parent=10091"}],"wp:term":[{"taxonomy":"category","embeddable":true,"href":"https:\/\/www1.esev.ipv.pt\/dacomunicacao\/index.php?rest_route=%2Fwp%2Fv2%2Fcategories&post=10091"},{"taxonomy":"post_tag","embeddable":true,"href":"https:\/\/www1.esev.ipv.pt\/dacomunicacao\/index.php?rest_route=%2Fwp%2Fv2%2Ftags&post=10091"}],"curies":[{"name":"wp","href":"https:\/\/api.w.org\/{rel}","templated":true}]}}