{"id":10016,"date":"2020-08-30T16:59:46","date_gmt":"2020-08-30T16:59:46","guid":{"rendered":"http:\/\/www.esev.ipv.pt\/dacomunicacao\/?p=10016"},"modified":"2020-08-30T16:59:49","modified_gmt":"2020-08-30T16:59:49","slug":"fecharam-as-candidaturas-para-os-ctesp-em-tres-escolas-do-instituto-politecnico-de-viseu","status":"publish","type":"post","link":"https:\/\/www1.esev.ipv.pt\/dacomunicacao\/?p=10016","title":{"rendered":"Fecharam as candidaturas para os CTESP em tr\u00eas escolas do Instituto Polit\u00e9cnico de Viseu"},"content":{"rendered":"\n<p>O dia 27 de agosto\nmarcou o fecho das candidaturas aos cursos t\u00e9cnicos superiores profissionais\n(CTESP) em tr\u00eas escolas do Instituto Polit\u00e9cnico de Viseu (ESAV, ESTGL e\nESTGV), finalizando no dia 11 setembro o prazo de candidaturas na ESEV.<\/p>\n\n\n\n<p>Os cursos t\u00eam uma\ndura\u00e7\u00e3o de quatro semestres curriculares, com um ciclo de estudos superiores constitu\u00eddo\npor um conjunto de unidades curriculares organizadas tanto em componentes de\nforma\u00e7\u00e3o geral como cient\u00edfica, t\u00e9cnica e contexto de trabalho, atrav\u00e9s de um\nest\u00e1gio.<\/p>\n\n\n\n<p>Com 578 vagas para\n27 cursos diferentes, os CTESP cont\u00eam uma oferta formativa extremamente\ndiversificada: de &#8220;Agricultura Biol\u00f3gica&#8221; a &#8220;Desenvolvimento\npara a Web e Dispositivos Laboratoriais&#8221;, passando por &#8220;Assessoria e\nComunica\u00e7\u00e3o Organizacional&#8221; e &#8220;Apoio \u00e0 Inf\u00e2ncia&#8221;, at\u00e9 \u00e0 novidade\nde &#8220;Gastronomia, Turismo e Bem-Estar&#8221;.<\/p>\n","protected":false},"excerpt":{"rendered":"<p>O dia 27 de agosto marcou o fecho das candidaturas aos cursos t\u00e9cnicos superiores profissionais (CTESP) em tr\u00eas escolas do<\/p>\n","protected":false},"author":6,"featured_media":10017,"comment_status":"open","ping_status":"open","sticky":false,"template":"","format":"standard","meta":[],"categories":[10],"tags":[2894,2921],"_links":{"self":[{"href":"https:\/\/www1.esev.ipv.pt\/dacomunicacao\/index.php?rest_route=\/wp\/v2\/posts\/10016"}],"collection":[{"href":"https:\/\/www1.esev.ipv.pt\/dacomunicacao\/index.php?rest_route=\/wp\/v2\/posts"}],"about":[{"href":"https:\/\/www1.esev.ipv.pt\/dacomunicacao\/index.php?rest_route=\/wp\/v2\/types\/post"}],"author":[{"embeddable":true,"href":"https:\/\/www1.esev.ipv.pt\/dacomunicacao\/index.php?rest_route=\/wp\/v2\/users\/6"}],"replies":[{"embeddable":true,"href":"https:\/\/www1.esev.ipv.pt\/dacomunicacao\/index.php?rest_route=%2Fwp%2Fv2%2Fcomments&post=10016"}],"version-history":[{"count":1,"href":"https:\/\/www1.esev.ipv.pt\/dacomunicacao\/index.php?rest_route=\/wp\/v2\/posts\/10016\/revisions"}],"predecessor-version":[{"id":10018,"href":"https:\/\/www1.esev.ipv.pt\/dacomunicacao\/index.php?rest_route=\/wp\/v2\/posts\/10016\/revisions\/10018"}],"wp:featuredmedia":[{"embeddable":true,"href":"https:\/\/www1.esev.ipv.pt\/dacomunicacao\/index.php?rest_route=\/wp\/v2\/media\/10017"}],"wp:attachment":[{"href":"https:\/\/www1.esev.ipv.pt\/dacomunicacao\/index.php?rest_route=%2Fwp%2Fv2%2Fmedia&parent=10016"}],"wp:term":[{"taxonomy":"category","embeddable":true,"href":"https:\/\/www1.esev.ipv.pt\/dacomunicacao\/index.php?rest_route=%2Fwp%2Fv2%2Fcategories&post=10016"},{"taxonomy":"post_tag","embeddable":true,"href":"https:\/\/www1.esev.ipv.pt\/dacomunicacao\/index.php?rest_route=%2Fwp%2Fv2%2Ftags&post=10016"}],"curies":[{"name":"wp","href":"https:\/\/api.w.org\/{rel}","templated":true}]}}